{"id":1071,"date":"2021-10-20T10:32:21","date_gmt":"2021-10-20T08:32:21","guid":{"rendered":"http:\/\/coercan.net\/?p=1071"},"modified":"2022-11-16T13:41:12","modified_gmt":"2022-11-16T12:41:12","slug":"subvenciones-para-el-apoyo-a-la-solvencia-y-reduccion-del-endeudamiento-de-empresas-y-autonomos-de-cantabria","status":"publish","type":"post","link":"https:\/\/coercan.net\/?p=1071","title":{"rendered":"Subvenciones para el apoyo a la solvencia y reducci\u00f3n del endeudamiento de empresas y aut\u00f3nomos de Cantabria"},"content":{"rendered":"\n<figure class=\"wp-block-image size-large\"><img fetchpriority=\"high\" decoding=\"async\" width=\"626\" height=\"265\" src=\"https:\/\/coercan.net\/wp-content\/uploads\/2021\/10\/ayudassubvenciones.jpg\" alt=\"\" class=\"wp-image-1072\" srcset=\"https:\/\/coercan.net\/wp-content\/uploads\/2021\/10\/ayudassubvenciones.jpg 626w, https:\/\/coercan.net\/wp-content\/uploads\/2021\/10\/ayudassubvenciones-600x254.jpg 600w\" sizes=\"(max-width: 626px) 100vw, 626px\" \/><\/figure>\n\n\n\n<h3 class=\"wp-block-heading\">Gastos subvencionables<\/h3>\n\n\n\n<p>Si ya resultaron beneficiarias de las subvenciones convocadas por el Decreto 54\/2021, de 14 de junio, las ayudas s\u00f3lo podr\u00e1n aplicarse a:<\/p>\n\n\n\n<ul class=\"wp-block-list\"><li>Satisfacci\u00f3n de la deuda y pagos pendientes a proveedores y otros acreedores, financieros y no financieros, as\u00ed como a los costes fijos incurridos devengados entre el 1 de junio de 2021 y el 30 de septiembre de 2021.<\/li><li>Las p\u00e9rdidas contables de la actividad empresarial que no hayan sido compensadas con otras ayudas.<\/li><\/ul>\n\n\n\n<p>Si no resultaron beneficiarias de las subvenciones convocadas por el Decreto 54\/2021, de 14 de junio:<\/p>\n\n\n\n<ul class=\"wp-block-list\"><li>Satisfacci\u00f3n de la deuda y pagos pendientes a proveedores y otros acreedores, financieros y no financieros, as\u00ed como a los costes fijos incurridos, incluidas las p\u00e9rdidas contables de la actividad empresarial que no hayan sido compensadas con otras ayudas, siempre y cuando \u00e9stos se hayan devengado entre el 1 de marzo de 2020 y el 30 de septiembre de 2021.<\/li><\/ul>\n\n\n\n<h3 class=\"wp-block-heading\">Beneficiarios<\/h3>\n\n\n\n<p>Empresas y aut\u00f3nomos que cumplan los siguientes requisitos:<\/p>\n\n\n\n<ul class=\"wp-block-list\"><li>Tener domicilio fiscal en Cantabria o tener establecimiento permanente en Cantabria.<\/li><li>Haber realizado durante 2019 y\/o 2020 al menos una de las actividades previstas en los c\u00f3digos de la CNAE recogidos en el Anexo I del Decreto.<\/li><li>Encontrarse en alguno de los siguientes supuestos:<ul><li>Aplicar el r\u00e9gimen de estimaci\u00f3n objetiva en el Impuesto sobre la Renta de las Personas F\u00edsicas.<\/li><li>Tener en 2020 un volumen de operaciones anual declarado o comprobado por la Administraci\u00f3n en el Impuesto sobre el Valor A\u00f1adido o tributo indirecto equivalente que haya ca\u00eddo m\u00e1s de un 30% con respecto a 2019.<\/li><\/ul><\/li><\/ul>\n\n\n\n<h3 class=\"wp-block-heading\">Importe<\/h3>\n\n\n\n<ul class=\"wp-block-list\"><li>Un m\u00e1ximo de 3.000 euros cuando se trate de empresarios o profesionales que apliquen el r\u00e9gimen de estimaci\u00f3n objetiva en el Impuesto sobre la Renta de las Personas F\u00edsicas.<\/li><li>Para aquellos empresarios y profesionales cuyo volumen de operaciones anual declarado haya ca\u00eddo m\u00e1s del 30% en el a\u00f1o 2020:<ul><li>El 40% de la ca\u00edda del volumen de operaciones en el caso de empresarios o profesionales que apliquen el r\u00e9gimen de estimaci\u00f3n directa, as\u00ed como las entidades y establecimientos permanentes que tengan un m\u00e1ximo de 10 empleados.<\/li><li>El 20% del importe de la ca\u00edda del volumen de operaciones en el a\u00f1o 2020 respecto del a\u00f1o 2019 que supere dicho 30%, en el caso de entidades y empresarios o profesionales y establecimientos permanentes que tengan m\u00e1s de 10 empleados.<\/li><\/ul><\/li><\/ul>\n\n\n\n<p>La ayuda no podr\u00e1 ser inferior a 4.000 euros ni superior a 200.000 euros.<\/p>\n\n\n\n<h3 class=\"wp-block-heading\">Plazo y forma de presentaci\u00f3n de las solicitudes<\/h3>\n\n\n\n<p>as solicitudes podr\u00e1n presentarse en el plazo de diez d\u00edas h\u00e1biles a contar desde la entrada en vigor del Decreto, exclusivamente por medios electr\u00f3nicos \u00a0trav\u00e9s del Registro Electr\u00f3nico Com\u00fan de la Administraci\u00f3n de la Comunidad Aut\u00f3noma de Cantabria en la sede electr\u00f3nica <a href=\"https:\/\/sede.cantabria.es\/\">https:\/\/sede.cantabria.es\/<\/a><\/p>\n\n\n\n<p>Texto \u00edntegro de la Orden:<\/p>\n\n\n\n<p><a href=\"https:\/\/boc.cantabria.es\/boces\/verAnuncioAction.do?idAnuBlob=365962\">https:\/\/boc.cantabria.es\/boces\/verAnuncioAction.do?idAnuBlob=365962<\/a><\/p>\n","protected":false},"excerpt":{"rendered":"<p>Gastos subvencionables Si ya resultaron beneficiarias de las subvenciones convocadas por el Decreto 54\/2021, de 14 de junio, las ayudas s\u00f3lo podr\u00e1n aplicarse a: Satisfacci\u00f3n de la deuda y pagos pendientes a proveedores y otros acreedores, financieros y no financieros, as\u00ed como a los costes fijos incurridos devengados entre el 1 de junio de 2021 [&hellip;]<\/p>\n","protected":false},"author":2,"featured_media":1072,"comment_status":"closed","ping_status":"closed","sticky":false,"template":"","format":"standard","meta":{"_acf_changed":false,"_monsterinsights_skip_tracking":false,"_monsterinsights_sitenote_active":false,"_monsterinsights_sitenote_note":"","_monsterinsights_sitenote_category":0,"footnotes":""},"categories":[17],"tags":[6],"class_list":["post-1071","post","type-post","status-publish","format-standard","has-post-thumbnail","hentry","category-ayudas","tag-ayudas"],"acf":[],"_links":{"self":[{"href":"https:\/\/coercan.net\/index.php?rest_route=\/wp\/v2\/posts\/1071","targetHints":{"allow":["GET"]}}],"collection":[{"href":"https:\/\/coercan.net\/index.php?rest_route=\/wp\/v2\/posts"}],"about":[{"href":"https:\/\/coercan.net\/index.php?rest_route=\/wp\/v2\/types\/post"}],"author":[{"embeddable":true,"href":"https:\/\/coercan.net\/index.php?rest_route=\/wp\/v2\/users\/2"}],"replies":[{"embeddable":true,"href":"https:\/\/coercan.net\/index.php?rest_route=%2Fwp%2Fv2%2Fcomments&post=1071"}],"version-history":[{"count":1,"href":"https:\/\/coercan.net\/index.php?rest_route=\/wp\/v2\/posts\/1071\/revisions"}],"predecessor-version":[{"id":1073,"href":"https:\/\/coercan.net\/index.php?rest_route=\/wp\/v2\/posts\/1071\/revisions\/1073"}],"wp:featuredmedia":[{"embeddable":true,"href":"https:\/\/coercan.net\/index.php?rest_route=\/wp\/v2\/media\/1072"}],"wp:attachment":[{"href":"https:\/\/coercan.net\/index.php?rest_route=%2Fwp%2Fv2%2Fmedia&parent=1071"}],"wp:term":[{"taxonomy":"category","embeddable":true,"href":"https:\/\/coercan.net\/index.php?rest_route=%2Fwp%2Fv2%2Fcategories&post=1071"},{"taxonomy":"post_tag","embeddable":true,"href":"https:\/\/coercan.net\/index.php?rest_route=%2Fwp%2Fv2%2Ftags&post=1071"}],"curies":[{"name":"wp","href":"https:\/\/api.w.org\/{rel}","templated":true}]}}