{"id":1075,"date":"2021-10-21T09:38:27","date_gmt":"2021-10-21T07:38:27","guid":{"rendered":"http:\/\/coercan.net\/?p=1075"},"modified":"2022-11-16T13:41:12","modified_gmt":"2022-11-16T12:41:12","slug":"convocatoria-de-ayudas-del-ii-plan-santander-a-punto","status":"publish","type":"post","link":"https:\/\/coercan.net\/?p=1075","title":{"rendered":"Convocatoria de ayudas del II Plan \u00abSantander a Punto\u00bb"},"content":{"rendered":"\n<figure class=\"wp-block-image size-large\"><img fetchpriority=\"high\" decoding=\"async\" width=\"626\" height=\"265\" src=\"https:\/\/coercan.net\/wp-content\/uploads\/2021\/10\/ayudassubvenciones.jpg\" alt=\"\" class=\"wp-image-1072\" srcset=\"https:\/\/coercan.net\/wp-content\/uploads\/2021\/10\/ayudassubvenciones.jpg 626w, https:\/\/coercan.net\/wp-content\/uploads\/2021\/10\/ayudassubvenciones-600x254.jpg 600w\" sizes=\"(max-width: 626px) 100vw, 626px\" \/><\/figure>\n\n\n\n<p> <strong>Texto completo de la convocatoria:<\/strong> <a href=\"https:\/\/santanderapunto.es\/wp-content\/uploads\/2021\/10\/convocatoria-de-ayudas-ii-plan-santander-a-punto.pdf\">https:\/\/santanderapunto.es\/wp-content\/uploads\/2021\/10\/convocatoria-de-ayudas-ii-plan-santander-a-punto.pdf<\/a><\/p>\n\n\n\n<p><strong>M\u00e1s informaci\u00f3n y formularios de solicitud: <\/strong><\/p>\n\n\n\n<ul class=\"wp-block-list\"><li><a href=\"https:\/\/santanderapunto.es\/ayudas-para-el-lanzamiento-de-nuevos-proyectos-empresariales\/\"><strong>PROGRAMA I:<\/strong> AYUDAS PARA EL LANZAMIENTO DE NUEVOS PROYECTOS EMPRESARIALES<\/a><\/li><li><a href=\"https:\/\/santanderapunto.es\/ayudas-para-la-transformacion-e-innovacion-digital\/\"><strong>PROGRAMA II: <\/strong>AYUDAS PARA LA TRANSFORMACI\u00d3N E INNOVACI\u00d3N DIGITAL DE LAS EMPRESAS<\/a><\/li><li><a href=\"https:\/\/santanderapunto.es\/ayudas-a-la-industria-creativa-y-cultural\/\"><strong>PROGRAMA III:<\/strong> AYUDAS PARA LA INDUSTRIA CREATIVA CULTURAL PARA GENERACI\u00d3N DE CONTENIDOS MEDIANTE PROYECTOS INNOVADORES ADAPTADOS A LA ACTUAL SITUACI\u00d3N DERIVADA DEL COVID19.<\/a><\/li><li><a href=\"https:\/\/santanderapunto.es\/bono-santander-emerge\/\"><strong>PROGRAMA IV:<\/strong> BONO SANTANDER EMERGE<\/a><\/li><li><a href=\"https:\/\/santanderapunto.es\/bono-santander-emerge-10\/\"><strong>PROGRAMA V:<\/strong> BONO SANTANDER EMERGE 10+<\/a><\/li><\/ul>\n\n\n\n<h3 class=\"wp-block-heading\">Beneficiarios<\/h3>\n\n\n\n<p>Todas aquellas empresas y aut\u00f3nomos, cualquiera que sea su forma jur\u00eddica que ejerzan actividad econ\u00f3mica en Santander y que adem\u00e1s de cumplir con los requisitos espec\u00edficos de cada uno de los programas, re\u00fanan a la fecha de presentaci\u00f3n de la solicitud las siguientes condiciones:<\/p>\n\n\n\n<ul class=\"wp-block-list\"><li>Hallarse al corriente en el cumplimiento de las obligaciones tributarias y de la Seguridad Social<\/li><li>No tener pendiente de justificaci\u00f3n ninguna otra subvenci\u00f3n anterior concedida por el Ayuntamiento de Santander.<\/li><li>Cumplir con los requisitos establecidos en el art\u00edculo 13 de la Ley 38\/2.003 General de Subvenciones y el art\u00edculo 12 de la Ley 10\/2006, de 17 de Julio, de Subvenciones de Cantabria.<\/li><\/ul>\n\n\n\n<h3 class=\"wp-block-heading\">Plazo de presentaci\u00f3n de solicitudes<\/h3>\n\n\n\n<p>Las solicitudes podr\u00e1n presentarse desde el d\u00eda siguiente al de la publicaci\u00f3n del extracto de la presente convocatoria en el Bolet\u00edn Oficial de Cantabria en el plazo de 20 d\u00edas naturales.<\/p>\n\n\n\n<p>Las solicitudes y anexos est\u00e1n disponibles en la web del ayuntamiento y de santanderapunto:<\/p>\n\n\n\n<p><a href=\"https:\/\/santanderapunto.es\/ayudas-reactivacion\/\">https:\/\/santanderapunto.es\/ayudas-reactivacion\/<\/a><\/p>\n\n\n\n<p>Se podr\u00e1n solicitar desde las 0:00 horas del jueves 21 de octubre de manera telem\u00e1tica si se es empresa y de manera telem\u00e1tica o presencial en los diferentes registros si no se tiene constituida una empresa (aut\u00f3nomo con o sin trabajadores a cargo).<\/p>\n\n\n\n<h2 class=\"wp-block-heading\">Programa II: Transformaci\u00f3n e innovaci\u00f3n digital de las empresas<\/h2>\n\n\n\n<h3 class=\"wp-block-heading\">Beneficiarios<\/h3>\n\n\n\n<p>Personas f\u00edsicas y jur\u00eddicas que hayan iniciado su actividad empresarial, comercial o profesional en el municipio de Santander con anterioridad al 11 de noviembre de 2020, y que hayan realizado y pagado una o varias acciones de las contempladas en art\u00edculo 16 por un importe igual o superior a 1.000\u20ac entre el 1 de enero de 2021 y la fecha de presentaci\u00f3n de la solicitud. Si ha solicitado el Programa I en la anterior convocatoria, las acciones deben haber sido realizadas y pagadas entre el 8 de mayo de 2021 y la fecha de presentaci\u00f3n de la solicitud.<\/p>\n\n\n\n<h3 class=\"wp-block-heading\"><strong>Modalidad y cuant\u00eda de las ayudas<\/strong><\/h3>\n\n\n\n<p>Esta ayuda est\u00e1 destinada a financiar hasta el 75 % de los gastos realizados en uno o varios de los siguientes conceptos, impuestos excluidos:<\/p>\n\n\n\n<ol class=\"wp-block-list\"><li><strong>Mejora de la productividad:<\/strong> Aplicaciones que faciliten la digitalizaci\u00f3n y automatizaci\u00f3n de procesos, Internet de las cosas, Big Data, soluciones de Cloud Computing, implementaci\u00f3n de realidad virtual o mejorada aplicadas a la venta.<\/li><li><strong>Modernizaci\u00f3n de canales de venta:<\/strong> aplicaciones de comercio electr\u00f3nico, integraci\u00f3n en plataformas de comercio electr\u00f3nico, geolocalizaci\u00f3n de pedidos y optimizaci\u00f3n de rutas de reparto, equipamiento digital comercial (TPV, impresoras de tickets, etiquetado electr\u00f3nico, lectores de c\u00f3digos de barras&#8230;)<\/li><li><strong>Marketing digital:<\/strong> Posicionamiento web, gesti\u00f3n y publicidad en redes sociales y canales multimedia, generaci\u00f3n de contenidos, anal\u00edtica web.<\/li><li><strong>Ciberseguridad<\/strong><\/li><li><strong>Teletrabajo:<\/strong> acceso a redes corporativas, teletrabajo en grupo, soportes remotos, fichaje digital.<\/li><\/ol>\n\n\n\n<p>La subvenci\u00f3n m\u00e1xima a percibir por cada beneficiario ser\u00e1 de <strong>6.000 \u20ac.<\/strong><\/p>\n\n\n\n<h2 class=\"wp-block-heading\">Programas IV y V: Programa Bono Santander Emerge y Emerge 10+<\/h2>\n\n\n\n<p>El importe de la subvenci\u00f3n consistir\u00e1\u0301 en una cuant\u00eda fija que se calcula teniendo en cuenta la actividad que se desarrolle, as\u00ed como el n\u00famero de trabajadores de la empresa que se acrediten mediante Informe de vida laboral en el periodo comprendido entre el 1 de septiembre y el 30 de septiembre de 2021, mes anterior a la fecha de convocatoria.<\/p>\n\n\n\n<h3 class=\"wp-block-heading\"><strong>Beneficiarios<\/strong><\/h3>\n\n\n\n<p>La actividad principal de la empresa deber\u00e1 estar encuadrada en alguno de los siguientes grupos y\/o ep\u00edgrafes del Impuesto de Actividades Econ\u00f3micas:<\/p>\n\n\n\n<h4 class=\"wp-block-heading\">Sector Comercio<\/h4>\n\n\n\n<ul class=\"wp-block-list\"><li>651.1 Comercio al por menor de productos textiles, etc.<\/li><li>651.2 Comercio al por menor de prendas para vestido y tocado.<\/li><li>651.3 Comercio al por menor lencer\u00eda y corseter\u00eda.<\/li><li>651.4 Comercio al por menor de art\u00edculos de mercer\u00eda y paqueter\u00eda.<\/li><li>651.5 Comercio al por menor de prendas especiales.<\/li><li>651.6 Comercio al por menor de calzado, art\u00edculos de piel, etc.<\/li><li>651.7 Comercio al por menor de confecciones de peleter\u00eda.<\/li><li>652.2 Comercio al por menor de productos de droguer\u00eda, perfumer\u00eda y cosm\u00e9tica, limpieza, pinturas, barnices, disolventes, papeles y otros productos para la decoraci\u00f3n y de productos qu\u00edmicos.<\/li><li>652.3 Comercio al por menor de perfumer\u00eda y cosm\u00e9tica.<\/li><li>652.4 Comercio al por menor de plantas y hierbas en herbolarios.<\/li><li>653.1 Comercio al por menor de muebles (excepto oficinas).<\/li><li>653.3 Comercio al por menor de art\u00edculos de menaje, ferreter\u00eda, etc.<\/li><li>653.4 Comercio al por menor de materiales de construcci\u00f3n y de art\u00edculos y mobiliario de saneamiento.<\/li><li>653.5 Comercio al por menor de puertas, ventanas, etc.<\/li><li>653.6 Comercio al por menor de art\u00edculos de bricolaje.<\/li><li>653.9 Comercio al por menor de otros art\u00edculos para el equipamiento del hogar n.c.o.p.<\/li><li>656 Comercio al por menor de bienes usados.<\/li><li>657 Comercio al por menor de instrumentos musicales.<\/li><li>659.3 Comercio al por menor de aparatos e instrumentos m\u00e9dicos, ortop\u00e9dicos, \u00f3pticos y fotogr\u00e1ficos.<\/li><li>659.4 Comercio al por menor de libros, peri\u00f3dicos, etc.<\/li><li>659.5 Comercio al por menor de art\u00edculos de joyer\u00eda, etc.<\/li><li>659.6 Comercio al por menor de juguetes, art\u00edculos deportivos, etc.<\/li><li>659.7 Comercio al por menor de semillas, flores, etc.<\/li><li>659.8 Comercio al por menor denominado sex-shop.<\/li><li>659.9 Comercio al por menor de otros productos no especificados.<\/li><li>662.2 Comercio al por menor de toda clase de art\u00edculos.<\/li><\/ul>\n\n\n\n<h4 class=\"wp-block-heading\">Sector Hosteler\u00eda y otros relacionados<\/h4>\n\n\n\n<ul class=\"wp-block-list\"><li>Grupos 671, 672 y 673 Servicio de alimentaci\u00f3n en restaurantes, cafeter\u00edas, caf\u00e9s y bares.<\/li><li>676 Servicio de alimentaci\u00f3n en chocolater\u00edas, helader\u00edas y horchater\u00edas.<\/li><li>677.9 Otros servicios de alimentaci\u00f3n propios de la restauraci\u00f3n.<\/li><li>681, 682, 683 y 684 Servicios de hospedaje en hoteles, moteles, pensiones, fondas, casas de hu\u00e9spedes y hoteles apartamentos.<\/li><li>685 Alojamientos tur\u00edsticos extra hoteleros como apartamentos tur\u00edsticos, albergues tur\u00edsticos y otros debidamente autorizados.<\/li><li>687 Campamentos tur\u00edsticos, camping.<\/li><li>755.1 Servicios a otras agencias de viajes.<\/li><li>755.2 Agencias de Viaje.<\/li><li>882 Gu\u00edas de turismo.<\/li><li>883 Gu\u00edas int\u00e9rpretes de turismo.<\/li><li>965.4 Empresas de espect\u00e1culos.<\/li><li>969.1 Salas de bailes y discotecas.<\/li><li>989.2 Servicios de Organizaci\u00f3n de Congresos.<\/li><\/ul>\n\n\n\n<h4 class=\"wp-block-heading\">Sector servicios personales<\/h4>\n\n\n\n<ul class=\"wp-block-list\"><li>971 Lavander\u00edas, tintorer\u00edas y similares.<\/li><li>972 Servicios de peluquer\u00eda e institutos de belleza.<\/li><li>973 servicios fotogr\u00e1ficos y de fotocopias.<\/li><li>974 Agencias de prestaci\u00f3n de servicios dom\u00e9sticos.<\/li><li>975 Servicios de enmarcaci\u00f3n.<\/li><li>967.1 Instalaciones deportivas.<\/li><li>967.2 Escuelas y servicios de perfeccionamiento del deporte.<\/li><li>Grupo 933 Otras actividades de ense\u00f1anza.<\/li><li>691.1 Reparaci\u00f3n de art\u00edculos el\u00e9ctricos para el hogar.<\/li><li>691.2 Reparaci\u00f3n de veh\u00edculos autom\u00f3viles, bicicletas y otros veh\u00edculos.<\/li><li>691.9 Reparaci\u00f3n de otros bienes de consumo.<\/li><li>692 Reparaci\u00f3n de maquinaria industrial.<\/li><li>699 Otras reparaciones n.c.o.p.<\/li><li>721.2 Transporte por auto taxis.<\/li><li>654.1 Comercio al por menor de veh\u00edculos terrestres.<\/li><li>654.2 Comercio al por menor de accesorios y piezas de recambio para veh\u00edculos terrestres.<\/li><\/ul>\n\n\n\n<h3 class=\"wp-block-heading\">Modalidad y cuant\u00eda de las ayudas<\/h3>\n\n\n\n<h4 class=\"wp-block-heading\">Sector Hosteler\u00eda<\/h4>\n\n\n\n<figure class=\"wp-block-table\"><table><tbody><tr><td><\/td><td>Todas las actividades excepto 685, 882 y 883<\/td><td>685, 882 y 883<\/td><\/tr><tr><td>Sin trabajadores<\/td><td>1.700\u20ac<\/td><td>1.000\u20ac<\/td><\/tr><tr><td>De 1 a 3 trabajadores<\/td><td>2.400\u20ac<\/td><td>1.200\u20ac<\/td><\/tr><tr><td>De 4 a 10 trabajadores<\/td><td>3.100\u20ac<\/td><td>1.500\u20ac<\/td><\/tr><tr><td>+10 trabajadores (Emerge 10+)<\/td><td>3.800\u20ac<\/td><td>2.000\u20ac<\/td><\/tr><\/tbody><\/table><\/figure>\n\n\n\n<h4 class=\"wp-block-heading\">Sector Comercio<\/h4>\n\n\n\n<figure class=\"wp-block-table\"><table><tbody><tr><td><\/td><td>Importe<\/td><\/tr><tr><td>Aut\u00f3nomo<\/td><td>1.100\u20ac<\/td><\/tr><tr><td>De 1 a 3 trabajadores<\/td><td>1.600\u20ac<\/td><\/tr><tr><td>De 4 a 10 trabajadores<\/td><td>2.000\u20ac<\/td><\/tr><tr><td>+10 trabajadores (Emerge+)<\/td><td>2.500\u20ac<\/td><\/tr><\/tbody><\/table><\/figure>\n\n\n\n<h3 class=\"wp-block-heading\">Sector Servicios Personales<\/h3>\n\n\n\n<figure class=\"wp-block-table\"><table><tbody><tr><td><\/td><td>Todas las actividades excepto 721.2<\/td><td>721.2<\/td><\/tr><tr><td>Sin trabajadores<\/td><td>700\u20ac<\/td><td>600\u20ac<\/td><\/tr><tr><td>De 1 a 3 trabajadores<\/td><td>1.000\u20ac<\/td><td>600\u20ac<\/td><\/tr><tr><td>De 4 a 10 trabajadores<\/td><td>1.200\u20ac<\/td><td>600\u20ac<\/td><\/tr><tr><td>+10 trabajadores (Emerge+)<\/td><td>1.500\u20ac<\/td><td>600\u20ac<\/td><\/tr><\/tbody><\/table><\/figure>\n\n\n\n<p> <strong>Texto completo de la convocatoria:<\/strong> <a href=\"https:\/\/santanderapunto.es\/wp-content\/uploads\/2021\/10\/convocatoria-de-ayudas-ii-plan-santander-a-punto.pdf\">https:\/\/santanderapunto.es\/wp-content\/uploads\/2021\/10\/convocatoria-de-ayudas-ii-plan-santander-a-punto.pdf<\/a><\/p>\n\n\n\n<p><strong>M\u00e1s informaci\u00f3n y formularios de solicitud: <\/strong><\/p>\n\n\n\n<ul class=\"wp-block-list\"><li><a href=\"https:\/\/santanderapunto.es\/ayudas-para-el-lanzamiento-de-nuevos-proyectos-empresariales\/\"><strong>PROGRAMA I:<\/strong> AYUDAS PARA EL LANZAMIENTO DE NUEVOS PROYECTOS EMPRESARIALES<\/a><\/li><li><a href=\"https:\/\/santanderapunto.es\/ayudas-para-la-transformacion-e-innovacion-digital\/\"><strong>PROGRAMA II: <\/strong>AYUDAS PARA LA TRANSFORMACI\u00d3N E INNOVACI\u00d3N DIGITAL DE LAS EMPRESAS<\/a><\/li><li><a href=\"https:\/\/santanderapunto.es\/ayudas-a-la-industria-creativa-y-cultural\/\"><strong>PROGRAMA III:<\/strong> AYUDAS PARA LA INDUSTRIA CREATIVA CULTURAL PARA GENERACI\u00d3N DE CONTENIDOS MEDIANTE PROYECTOS INNOVADORES ADAPTADOS A LA ACTUAL SITUACI\u00d3N DERIVADA DEL COVID19.<\/a><\/li><li><a href=\"https:\/\/santanderapunto.es\/bono-santander-emerge\/\"><strong>PROGRAMA IV:<\/strong> BONO SANTANDER EMERGE<\/a><\/li><li><a href=\"https:\/\/santanderapunto.es\/bono-santander-emerge-10\/\"><strong>PROGRAMA V:<\/strong> BONO SANTANDER EMERGE 10+<\/a><\/li><\/ul>\n","protected":false},"excerpt":{"rendered":"<p>El Ayuntamiento de Santander convoca las ayudas econ\u00f3micas del Segundo Plan \u201cSantander a punto\u201d destinadas al apoyo social, a la reactivaci\u00f3n de la econom\u00eda y a la adaptaci\u00f3n al nuevo espacio urbano para la ciudad de Santander.<\/p>\n","protected":false},"author":2,"featured_media":1072,"comment_status":"closed","ping_status":"closed","sticky":false,"template":"","format":"standard","meta":{"_acf_changed":false,"_monsterinsights_skip_tracking":false,"_monsterinsights_sitenote_active":false,"_monsterinsights_sitenote_note":"","_monsterinsights_sitenote_category":0,"footnotes":""},"categories":[17],"tags":[6],"class_list":["post-1075","post","type-post","status-publish","format-standard","has-post-thumbnail","hentry","category-ayudas","tag-ayudas"],"acf":[],"_links":{"self":[{"href":"https:\/\/coercan.net\/index.php?rest_route=\/wp\/v2\/posts\/1075","targetHints":{"allow":["GET"]}}],"collection":[{"href":"https:\/\/coercan.net\/index.php?rest_route=\/wp\/v2\/posts"}],"about":[{"href":"https:\/\/coercan.net\/index.php?rest_route=\/wp\/v2\/types\/post"}],"author":[{"embeddable":true,"href":"https:\/\/coercan.net\/index.php?rest_route=\/wp\/v2\/users\/2"}],"replies":[{"embeddable":true,"href":"https:\/\/coercan.net\/index.php?rest_route=%2Fwp%2Fv2%2Fcomments&post=1075"}],"version-history":[{"count":8,"href":"https:\/\/coercan.net\/index.php?rest_route=\/wp\/v2\/posts\/1075\/revisions"}],"predecessor-version":[{"id":1083,"href":"https:\/\/coercan.net\/index.php?rest_route=\/wp\/v2\/posts\/1075\/revisions\/1083"}],"wp:featuredmedia":[{"embeddable":true,"href":"https:\/\/coercan.net\/index.php?rest_route=\/wp\/v2\/media\/1072"}],"wp:attachment":[{"href":"https:\/\/coercan.net\/index.php?rest_route=%2Fwp%2Fv2%2Fmedia&parent=1075"}],"wp:term":[{"taxonomy":"category","embeddable":true,"href":"https:\/\/coercan.net\/index.php?rest_route=%2Fwp%2Fv2%2Fcategories&post=1075"},{"taxonomy":"post_tag","embeddable":true,"href":"https:\/\/coercan.net\/index.php?rest_route=%2Fwp%2Fv2%2Ftags&post=1075"}],"curies":[{"name":"wp","href":"https:\/\/api.w.org\/{rel}","templated":true}]}}