{"id":1099,"date":"2021-12-10T12:21:03","date_gmt":"2021-12-10T11:21:03","guid":{"rendered":"http:\/\/coercan.net\/?p=1099"},"modified":"2022-11-16T13:41:11","modified_gmt":"2022-11-16T12:41:11","slug":"i-jornadas-del-comercio-de-santander-y-cantabria","status":"publish","type":"post","link":"https:\/\/coercan.net\/?p=1099","title":{"rendered":"I Jornadas del Comercio de Santander y Cantabria"},"content":{"rendered":"\n<figure class=\"wp-block-image size-large\"><img fetchpriority=\"high\" decoding=\"async\" width=\"724\" height=\"1024\" src=\"https:\/\/coercan.net\/wp-content\/uploads\/2021\/12\/Cartel-Jornadas-del-Comercio-724x1024.jpg\" alt=\"Jornadas del Comercio\" class=\"wp-image-1100\" srcset=\"https:\/\/coercan.net\/wp-content\/uploads\/2021\/12\/Cartel-Jornadas-del-Comercio-724x1024.jpg 724w, https:\/\/coercan.net\/wp-content\/uploads\/2021\/12\/Cartel-Jornadas-del-Comercio-600x848.jpg 600w\" sizes=\"(max-width: 724px) 100vw, 724px\" \/><\/figure>\n\n\n\n<h2 class=\"wp-block-heading\">Programa<\/h2>\n\n\n\n<ul class=\"wp-block-list\"><li><strong>9:00h<\/strong> &#8211; Acreditaci\u00f3n de los asistentes<\/li><li><strong>9:30h<\/strong> &#8211; Inauguraci\u00f3n: <ul><li><strong><em>M\u00edriam D\u00edaz<\/em><\/strong>, concejala de Comercio del Ayuntamiento de Santander.<\/li><li><strong><em>Eva Bartolom\u00e9<\/em><\/strong>, directora general de Comercio y Consumo del Gobierno de Cantabria.<\/li><li><strong><em>Miguel \u00c1ngel Cuerno<\/em><\/strong>, presidente de COERCAN.<\/li><li><strong><em>Rafael Torres<\/em><\/strong>, presidente de la Confederaci\u00f3n Espa\u00f1ola de Comercio (CEC).<\/li><\/ul><\/li><li><strong>10:00h<\/strong> &#8211; Ponencia: <em><strong>Retos del Comercio en la actualidad.<\/strong><\/em><ul><li><strong><em>Eduardo Zam\u00e1cola<\/em><\/strong>, presidente de ACOTEX (Asociaci\u00f3n Empresarial del Comercio Textil, Complementos y Piel), consejero delegado de Neck&amp;Neck y elegido protagonista del a\u00f1o 2020 del sector de la moda por la revista Modaes.es<\/li><\/ul><\/li><li><strong>10:30h<\/strong> &#8211; Pausa caf\u00e9<\/li><li><strong>11:05h<\/strong> &#8211; Ponencia: <em><strong>La visibilidad de tu comercio: El marketing digital<\/strong><\/em>.<ul><li><strong><em>I\u00f1aki L\u00e1zaro<\/em><\/strong>, profesional digital y docente en marketing digital, comercio electr\u00f3nico, redes sociales y publicidad online. Seleccionado desde el a\u00f1o 2013 entre las personas influyentes de Internet en Espa\u00f1a e Hispanoam\u00e9rica por revistas especializadas.<\/li><\/ul><\/li><li><strong>11:40h<\/strong> &#8211; Ponencia: <strong><em>Las empresas de nuevas tecnolog\u00edas al servicio del comercio.<\/em><\/strong><ul><li><strong><em>Ra\u00fal Ur\u00eda<\/em><\/strong>, CEO de ZZIRCON, gerente de ASCENTIC (Asociaci\u00f3n C\u00e1ntabra de Empresas de Nuevas Tecnolog\u00edas de la Informaci\u00f3n y las Comunicaciones).<\/li><\/ul><\/li><li><strong>12:15h<\/strong> &#8211; Ponencia: <strong><em>Vendiendo las 24 horas. El Mercader\u00edo. Marketplace de Santander<\/em><\/strong>. <ul><li><strong><em>\u00c1lvaro Gal\u00e1n<\/em><\/strong>, Director de proyectos de AG-Online, director de la escuela de comercio electr\u00f3nico.<\/li><\/ul><\/li><li><strong>12:50h<\/strong> &#8211; Ponencia: <strong><em>Las redes sociales. Una oportunidad para la venta. Social Commerce Caixabank.<\/em><\/strong><ul><li><strong><em>\u00cd\u00f1igo Elguezabal<\/em><\/strong>, Key account Manager de Comercia Global Payments de Caixabank.<\/li><\/ul><\/li><li><strong>13:30h<\/strong> &#8211; Clausura de las Jornadas.<ul><li><strong><em>Gema Igual<\/em><\/strong>, alcaldesa de Santander.<\/li><\/ul><\/li><li>13:45h &#8211; Vino Espa\u00f1ol<\/li><\/ul>\n\n\n\n<div style=\"height:46px\" aria-hidden=\"true\" class=\"wp-block-spacer\"><\/div>\n\n\n\n<div class=\"wp-block-buttons is-layout-flex wp-block-buttons-is-layout-flex\">\n<div class=\"wp-block-button is-style-fill\"><a class=\"wp-block-button__link has-white-color has-vivid-red-background-color has-text-color has-background\" href=\"https:\/\/drive.google.com\/file\/d\/183708ZUB4dhk7nNP5dE3Qjv54YVqajk5\/view?usp=sharing\" rel=\"https:\/\/drive.google.com\/file\/d\/183708ZUB4dhk7nNP5dE3Qjv54YVqajk5\/view?usp=sharing\">Descarga programa (PDF)<\/a><\/div>\n<\/div>\n\n\n\n<p><\/p>\n","protected":false},"excerpt":{"rendered":"<p>Programa de las I Jornadas del Comercio de Santander y Cantabria, organizadas por COERCAN con el patrocinio del Ayuntamiento de Santander.<\/p>\n","protected":false},"author":2,"featured_media":1100,"comment_status":"closed","ping_status":"closed","sticky":false,"template":"","format":"standard","meta":{"_acf_changed":false,"_monsterinsights_skip_tracking":false,"_monsterinsights_sitenote_active":false,"_monsterinsights_sitenote_note":"","_monsterinsights_sitenote_category":0,"footnotes":""},"categories":[2],"tags":[20],"class_list":["post-1099","post","type-post","status-publish","format-standard","has-post-thumbnail","hentry","category-noticias","tag-congreso"],"acf":[],"_links":{"self":[{"href":"https:\/\/coercan.net\/index.php?rest_route=\/wp\/v2\/posts\/1099","targetHints":{"allow":["GET"]}}],"collection":[{"href":"https:\/\/coercan.net\/index.php?rest_route=\/wp\/v2\/posts"}],"about":[{"href":"https:\/\/coercan.net\/index.php?rest_route=\/wp\/v2\/types\/post"}],"author":[{"embeddable":true,"href":"https:\/\/coercan.net\/index.php?rest_route=\/wp\/v2\/users\/2"}],"replies":[{"embeddable":true,"href":"https:\/\/coercan.net\/index.php?rest_route=%2Fwp%2Fv2%2Fcomments&post=1099"}],"version-history":[{"count":6,"href":"https:\/\/coercan.net\/index.php?rest_route=\/wp\/v2\/posts\/1099\/revisions"}],"predecessor-version":[{"id":1106,"href":"https:\/\/coercan.net\/index.php?rest_route=\/wp\/v2\/posts\/1099\/revisions\/1106"}],"wp:featuredmedia":[{"embeddable":true,"href":"https:\/\/coercan.net\/index.php?rest_route=\/wp\/v2\/media\/1100"}],"wp:attachment":[{"href":"https:\/\/coercan.net\/index.php?rest_route=%2Fwp%2Fv2%2Fmedia&parent=1099"}],"wp:term":[{"taxonomy":"category","embeddable":true,"href":"https:\/\/coercan.net\/index.php?rest_route=%2Fwp%2Fv2%2Fcategories&post=1099"},{"taxonomy":"post_tag","embeddable":true,"href":"https:\/\/coercan.net\/index.php?rest_route=%2Fwp%2Fv2%2Ftags&post=1099"}],"curies":[{"name":"wp","href":"https:\/\/api.w.org\/{rel}","templated":true}]}}