{"id":1130,"date":"2022-01-05T10:58:07","date_gmt":"2022-01-05T09:58:07","guid":{"rendered":"http:\/\/coercan.net\/?p=1130"},"modified":"2022-11-16T13:41:11","modified_gmt":"2022-11-16T12:41:11","slug":"yolanda-celis-detalles-ganador-del-44-concurso-de-escaparates-de-santander","status":"publish","type":"post","link":"https:\/\/coercan.net\/?p=1130","title":{"rendered":"Yolanda Celis Detalles, ganador del 44 Concurso de Escaparates de Santander"},"content":{"rendered":"\n<figure class=\"wp-block-image size-large\"><img fetchpriority=\"high\" decoding=\"async\" width=\"1024\" height=\"576\" src=\"https:\/\/coercan.net\/wp-content\/uploads\/2022\/01\/Concurso-escaparates-Santander-1024x576.jpg\" alt=\"\" class=\"wp-image-1131\" srcset=\"https:\/\/coercan.net\/wp-content\/uploads\/2022\/01\/Concurso-escaparates-Santander-1024x576.jpg 1024w, https:\/\/coercan.net\/wp-content\/uploads\/2022\/01\/Concurso-escaparates-Santander-scaled-600x338.jpg 600w, https:\/\/coercan.net\/wp-content\/uploads\/2022\/01\/Concurso-escaparates-Santander-768x432.jpg 768w\" sizes=\"(max-width: 1024px) 100vw, 1024px\" \/><\/figure>\n\n\n\n<p>El establecimiento Yolanda Celis Detalles, situado en la calle Marqu\u00e9s de la Hermida 44, ha sido elegido ganador de la 44 edici\u00f3n del Concurso de Escaparates de Santander de entre los 121 comercios que han participado en esta edici\u00f3n, organizada por la Federaci\u00f3n del Comercio de Cantabria \u2013 COERCAN con la colaboraci\u00f3n de la Consejer\u00eda de Industria, Turismo, Innovaci\u00f3n, Transporte y Comercio del Gobierno de Cantabria, el Ayuntamiento de Santander y la Asociaci\u00f3n de Comerciantes de Santander &#8211; ACEAS.<\/p>\n\n\n\n<p>El comercio, elegido ganador por segundo a\u00f1o consecutivo, ha recibido como premio una placa conmemorativa, una campa\u00f1a de publicidad en las pantallas del TUS, un ordenador port\u00e1til y una p\u00e1gina publicitaria a color en El Diario Monta\u00f1\u00e9s.<\/p>\n\n\n\n<p>Los ganadores del segundo y tercer premio han sido, respectivamente, Del Rosa al Amarillo, en la calle Hern\u00e1n Cort\u00e9s 45, y Puerelec, ubicado en la calle Castilla 23. Adem\u00e1s de la placa conmemorativa y la publicidad en las pantallas del TUS ambos han recibido una Tablet como premio.<\/p>\n\n\n\n<p>En la categor\u00eda de redes sociales, premiada con una Tablet, el escaparate m\u00e1s votado ha sido Puerelec. Ya que s\u00f3lo se entrega un premio por comercio, y al haber ganado ya el tercer premio del concurso, el galard\u00f3n ha reca\u00eddo en el segundo establecimiento con m\u00e1s votos, La Diva XXL, situado en la calle Jer\u00f3nimo S\u00e1inz de la Maza 4. Como en a\u00f1os anteriores, se ha registrado una alta participaci\u00f3n del p\u00fablico, con m\u00e1s de 1.300 votos emitidos. <\/p>\n\n\n\n<p>La entrega de premios se ha realizado en el Hotel Bah\u00eda, en un acto presentado por la periodista Marta Bustamante al que han asistido numerosos representantes de los comercios participantes, y para el que se ha contado con la presencia de la directora de la Ciudad del Transporte Juncal Herreros, en representaci\u00f3n de la Consejer\u00eda de Industria, Turismo, Innovaci\u00f3n, Transporte y Comercio del Gobierno de Cantabria, la concejal de Comercio del Ayuntamiento de Santander Miriam D\u00edaz; Modesto Pi\u00f1eiro, presidente de la C\u00e1mara de Comercio de Cantabria; Miguel \u00c1ngel Cuerno y Gonzalo Cay\u00f3n, presidente y secretario general de COERCAN respectivamente; la directora de Marketing del Centro Bot\u00edn, Alexandra Alonso, Jos\u00e9 V\u00edctor Pardo, Presidente de ACEAS, y varios presidentes y representantes de diversas asociaciones integradas en COERCAN.<\/p>\n\n\n\n<figure class=\"wp-block-gallery columns-3 is-cropped wp-block-gallery-1 is-layout-flex wp-block-gallery-is-layout-flex\"><ul class=\"blocks-gallery-grid\"><li class=\"blocks-gallery-item\"><figure><img decoding=\"async\" width=\"569\" height=\"1024\" src=\"https:\/\/coercan.net\/wp-content\/uploads\/2022\/01\/La-Diva-XXL-569x1024.jpg\" alt=\"\" data-id=\"1133\" data-full-url=\"https:\/\/coercan.net\/wp-content\/uploads\/2022\/01\/La-Diva-XXL.jpg\" data-link=\"https:\/\/coercan.net\/?attachment_id=1133\" class=\"wp-image-1133\"\/><\/figure><\/li><li class=\"blocks-gallery-item\"><figure><img decoding=\"async\" width=\"562\" height=\"831\" src=\"https:\/\/coercan.net\/wp-content\/uploads\/2022\/01\/Puerelec.jpg\" alt=\"\" data-id=\"1134\" data-full-url=\"https:\/\/coercan.net\/wp-content\/uploads\/2022\/01\/Puerelec.jpg\" data-link=\"https:\/\/coercan.net\/?attachment_id=1134\" class=\"wp-image-1134\"\/><\/figure><\/li><li class=\"blocks-gallery-item\"><figure><img loading=\"lazy\" decoding=\"async\" width=\"768\" height=\"1024\" src=\"https:\/\/coercan.net\/wp-content\/uploads\/2022\/01\/Del-Rosa-al-Amarillo.jpg\" alt=\"\" data-id=\"1132\" data-full-url=\"https:\/\/coercan.net\/wp-content\/uploads\/2022\/01\/Del-Rosa-al-Amarillo.jpg\" data-link=\"https:\/\/coercan.net\/?attachment_id=1132\" class=\"wp-image-1132\" srcset=\"https:\/\/coercan.net\/wp-content\/uploads\/2022\/01\/Del-Rosa-al-Amarillo.jpg 768w, https:\/\/coercan.net\/wp-content\/uploads\/2022\/01\/Del-Rosa-al-Amarillo-600x800.jpg 600w\" sizes=\"(max-width: 768px) 100vw, 768px\" \/><\/figure><\/li><li class=\"blocks-gallery-item\"><figure><img loading=\"lazy\" decoding=\"async\" width=\"1024\" height=\"768\" src=\"https:\/\/coercan.net\/wp-content\/uploads\/2022\/01\/Yolanda-Celis.jpg\" alt=\"\" data-id=\"1135\" data-full-url=\"https:\/\/coercan.net\/wp-content\/uploads\/2022\/01\/Yolanda-Celis.jpg\" data-link=\"https:\/\/coercan.net\/?attachment_id=1135\" class=\"wp-image-1135\" srcset=\"https:\/\/coercan.net\/wp-content\/uploads\/2022\/01\/Yolanda-Celis.jpg 1024w, https:\/\/coercan.net\/wp-content\/uploads\/2022\/01\/Yolanda-Celis-600x450.jpg 600w, https:\/\/coercan.net\/wp-content\/uploads\/2022\/01\/Yolanda-Celis-768x576.jpg 768w\" sizes=\"(max-width: 1024px) 100vw, 1024px\" \/><\/figure><\/li><\/ul><\/figure>\n","protected":false},"excerpt":{"rendered":"<p>El establecimiento Yolanda Celis Detalles, situado en la calle Marqu\u00e9s de la Hermida 44, ha sido elegido ganador de la 44 edici\u00f3n del Concurso de Escaparates de Santander de entre los 121 comercios que han participado en esta edici\u00f3n, organizada por la Federaci\u00f3n del Comercio de Cantabria \u2013 COERCAN con la colaboraci\u00f3n de la Consejer\u00eda de Industria, Turismo, Innovaci\u00f3n, Transporte y Comercio del Gobierno de Cantabria, el Ayuntamiento de Santander y la Asociaci\u00f3n de Comerciantes de Santander.<\/p>\n","protected":false},"author":2,"featured_media":1131,"comment_status":"closed","ping_status":"closed","sticky":false,"template":"","format":"standard","meta":{"_acf_changed":false,"_monsterinsights_skip_tracking":false,"_monsterinsights_sitenote_active":false,"_monsterinsights_sitenote_note":"","_monsterinsights_sitenote_category":0,"footnotes":""},"categories":[2],"tags":[4],"class_list":["post-1130","post","type-post","status-publish","format-standard","has-post-thumbnail","hentry","category-noticias","tag-noticias"],"acf":[],"_links":{"self":[{"href":"https:\/\/coercan.net\/index.php?rest_route=\/wp\/v2\/posts\/1130","targetHints":{"allow":["GET"]}}],"collection":[{"href":"https:\/\/coercan.net\/index.php?rest_route=\/wp\/v2\/posts"}],"about":[{"href":"https:\/\/coercan.net\/index.php?rest_route=\/wp\/v2\/types\/post"}],"author":[{"embeddable":true,"href":"https:\/\/coercan.net\/index.php?rest_route=\/wp\/v2\/users\/2"}],"replies":[{"embeddable":true,"href":"https:\/\/coercan.net\/index.php?rest_route=%2Fwp%2Fv2%2Fcomments&post=1130"}],"version-history":[{"count":4,"href":"https:\/\/coercan.net\/index.php?rest_route=\/wp\/v2\/posts\/1130\/revisions"}],"predecessor-version":[{"id":1139,"href":"https:\/\/coercan.net\/index.php?rest_route=\/wp\/v2\/posts\/1130\/revisions\/1139"}],"wp:featuredmedia":[{"embeddable":true,"href":"https:\/\/coercan.net\/index.php?rest_route=\/wp\/v2\/media\/1131"}],"wp:attachment":[{"href":"https:\/\/coercan.net\/index.php?rest_route=%2Fwp%2Fv2%2Fmedia&parent=1130"}],"wp:term":[{"taxonomy":"category","embeddable":true,"href":"https:\/\/coercan.net\/index.php?rest_route=%2Fwp%2Fv2%2Fcategories&post=1130"},{"taxonomy":"post_tag","embeddable":true,"href":"https:\/\/coercan.net\/index.php?rest_route=%2Fwp%2Fv2%2Ftags&post=1130"}],"curies":[{"name":"wp","href":"https:\/\/api.w.org\/{rel}","templated":true}]}}