{"id":1152,"date":"2022-02-03T13:29:53","date_gmt":"2022-02-03T12:29:53","guid":{"rendered":"http:\/\/coercan.net\/?p=1152"},"modified":"2022-11-16T13:41:11","modified_gmt":"2022-11-16T12:41:11","slug":"subvenciones-para-el-mantenimiento-del-empleo-y-proyectos-de-emprendimiento","status":"publish","type":"post","link":"https:\/\/coercan.net\/?p=1152","title":{"rendered":"Subvenciones para el mantenimiento del empleo y proyectos de emprendimiento"},"content":{"rendered":"\n<p><strong>Orden EPS\/42\/2021, de 28 de diciembre, por la que se establecen las bases reguladoras y se aprueba una convocatoria de subvenciones p\u00fablicas destinadas a la financiaci\u00f3n de las inversiones del Componente 23 &#8211; Direcci\u00f3n General de Trabajo<\/strong><\/p>\n\n\n\n<p><strong><u>SUBVENCIONES PARA EL MANTENIMIENTO DEL EMPLEO POR CUENTA AJENA<\/u><\/strong><\/p>\n\n\n\n<p><strong><em>Beneficiarios:<\/em><\/strong><\/p>\n\n\n\n<p>Las&nbsp;<strong>microempresas y personas trabajadoras aut\u00f3nomas que desarrollen su actividad econ\u00f3mica en el territorio de la Comunidad Aut\u00f3noma de Cantabria, que&nbsp;<u>tengan al menos un centro de trabajo en la misma y no cuenten con m\u00e1s de nueve<\/u>&nbsp;trabajadores.<\/strong><\/p>\n\n\n\n<p>Las&nbsp;<strong>cooperativas y sociedades laborales legalmente constituidas, con sus estatutos adaptados a la normativa vigente a la fecha de publicaci\u00f3n del extracto de convocatoria, e inscritas en el registro p\u00fablico correspondiente, que desarrollen su actividad empresarial en el territorio de la Comunidad Aut\u00f3noma de Cantabria, donde han de tener su domicilio social y al menos un centro de trabajo.<\/strong><\/p>\n\n\n\n<p><strong><em>Actividad subvencionada y cuant\u00eda<\/em><\/strong><\/p>\n\n\n\n<p>La cuant\u00eda de la\u00a0<strong>subvenci\u00f3n ser\u00e1 de 5.000 euros a tanto alzado por empresa beneficiaria<\/strong>.<\/p>\n\n\n\n<p>La actividad subvencionada ser\u00e1 la&nbsp;<strong>realizaci\u00f3n por la empresa beneficiaria de una iniciativa de mantenimiento del empleo de los trabajadores<\/strong>&nbsp;que tuviera contratados <strong>durante al menos seis meses desde la concesi\u00f3n de la subvenci\u00f3n.<\/strong><\/p>\n\n\n\n<p>Asimismo,&nbsp;<strong>la empresa beneficiaria deber\u00e1 realizar una actuaci\u00f3n que contribuya a la transici\u00f3n de su actividad hacia una econom\u00eda verde o que contribuya a su transformaci\u00f3n digital.<\/strong><\/p>\n\n\n\n<p><strong><u>SUBVENCIONES PARA EL APOYO A LA CONTINUIDAD DE PROYECTOS DE EMPRENDIMIENTO<\/u><\/strong><\/p>\n\n\n\n<p><strong><em>Beneficiarios:<\/em><\/strong><\/p>\n\n\n\n<p>Las&nbsp;<strong><u>personas trabajadoras aut\u00f3nomas sin trabajadores asalariados<\/u>, en situaci\u00f3n de alta en el correspondiente R\u00e9gimen de la Seguridad Social o en una mutualidad de colegio profesional de Cantabria, siempre y cuando el per\u00edodo en que hayan&nbsp;<u>cotizado ininterrumpidamente en el citado R\u00e9gimen o mutualidad sea inferior a tres a\u00f1os<\/u><\/strong><\/p>\n\n\n\n<p><strong><em>Actividad subvencionada y cuant\u00eda<\/em><\/strong><\/p>\n\n\n\n<p>La cuant\u00eda de la&nbsp;<strong>subvenci\u00f3n ser\u00e1 de 5.000 euros a tanto alzado por empresa beneficiaria.<\/strong><\/p>\n\n\n\n<p>La actividad subvencionada ser\u00e1 la&nbsp;<strong>realizaci\u00f3n por la empresa beneficiaria de una iniciativa de mantenimiento del propio empleo aut\u00f3nomo durante al menos seis meses desde la concesi\u00f3n de la subvenci\u00f3n.<\/strong><\/p>\n\n\n\n<p>Asimismo, la empresa beneficiaria deber\u00e1 realizar&nbsp;<strong>una actuaci\u00f3n que contribuya a la transici\u00f3n de su actividad hacia una econom\u00eda verde o que contribuya a su transformaci\u00f3n digital<\/strong><strong>.<\/strong><\/p>\n\n\n\n<p><strong>Las acciones de apoyo para iniciar la&nbsp;<u>transformaci\u00f3n hacia la econom\u00eda verde<\/u><\/strong>&nbsp;<strong>consistir\u00e1n en la elaboraci\u00f3n y\/o implementaci\u00f3n de&nbsp;<u>planes de transformaci\u00f3n<\/u><\/strong>&nbsp;que incluyan: diagn\u00f3stico de sostenibilidad medioambiental de la empresa; dise\u00f1o del plan que recoja los cambios necesarios para que su actividad productiva sea m\u00e1s respetuosa con el medioambiente sin perder eficacia, as\u00ed como los medios necesarios para llevarlos a cabo, el plazo previsto para ello y las acciones formativas asociadas al plan.<\/p>\n\n\n\n<p><strong>Las acciones de apoyo para iniciar la&nbsp;<u>transformaci\u00f3n digital<\/u><\/strong>&nbsp;<strong>consistir\u00e1n en la elaboraci\u00f3n y\/o implementaci\u00f3n de&nbsp;<u>planes de digitalizaci\u00f3n<\/u><\/strong>&nbsp;que incluyan: diagn\u00f3stico del grado de digitalizaci\u00f3n actual de la empresa; dise\u00f1o del plan que recoja las mejoras tecnol\u00f3gicas necesarias para su actividad a fin de mejorar su eficiencia y productividad, as\u00ed como los medios necesarios para llevarlos a cabo, el plazo previsto para ello y las acciones formativas asociadas al plan.<\/p>\n\n\n\n<p><strong><u>Presentaci\u00f3n de solicitudes<\/u><\/strong><\/p>\n\n\n\n<p>Las solicitudes de subvenci\u00f3n, que&nbsp;<strong>pueden ser hasta dos por participante (una en la que se comprometa a realizar una actuaci\u00f3n que contribuya a la transici\u00f3n de su actividad hacia una econom\u00eda verde y otra que contribuya a su transformaci\u00f3n digital<\/strong>), acompa\u00f1adas de la documentaci\u00f3n requerida detallada en la Orden, se presentar\u00e1n telem\u00e1ticamente a trav\u00e9s del Registro Electr\u00f3nico General de la Administraci\u00f3n de la Comunidad Aut\u00f3noma de Cantabria (<a href=\"https:\/\/sede.cantabria.es\/\">https:\/\/sede.cantabria.es\/<\/a>.)<\/p>\n\n\n\n<p>Las personas f\u00edsicas tambi\u00e9n podr\u00e1n formular la solicitud presencialmente, en la Direcci\u00f3n General de Trabajo, calle Hern\u00e1n Cort\u00e9s, 9, bajo, de Santander.<\/p>\n\n\n\n<p><strong>El plazo de presentaci\u00f3n<\/strong>\u00a0de solicitudes permanecer\u00e1 abierto\u00a0<strong>desde el 1 de febrero de 2022 hasta el 31 de marzo de 2022<\/strong>, ambas fechas inclusive.<\/p>\n\n\n\n<p style=\"font-size:20px\"><strong>Si cumples los requisitos, est\u00e1s interesados en solicitar las ayudas y necesitas ayuda para la elaboraci\u00f3n del plan de digitalizaci\u00f3n de la empresa, ponte en contacto con nosotros y te asesoraremos.<\/strong><\/p>\n\n\n\n<hr class=\"wp-block-separator\"\/>\n\n\n\n<div class=\"wp-block-buttons is-layout-flex wp-block-buttons-is-layout-flex\">\n<div class=\"wp-block-button is-style-fill\"><a class=\"wp-block-button__link has-white-color has-vivid-red-background-color has-text-color has-background\" rel=\"https:\/\/dgte.cantabria.es\/ayudas-y-subvenciones\/-\/asset_publisher\/jxAAwa0RUz5U\/content\/orden-eps-42-2021-de-28-de-diciembre-por-la-que-se-establecen-las-bases-reguladoras-y-se-aprueba-una-convocatoria-de-subvenciones-p%25C3%25BAblicas-destinadas-a-la-financiaci%25C3%25B3n-de-las-inversiones-del-componente-23?_com_liferay_asset_publisher_web_portlet_AssetPublisherPortlet_INSTANCE_jxAAwa0RUz5U_assetEntryId=19329468&amp;_com_liferay_asset_publisher_web_portlet_AssetPublisherPortlet_INSTANCE_jxAAwa0RUz5U_redirect=https%3A%2F%2Fdgte.cantabria.es%2Fayudas-y-subvenciones%3Fp_p_id%3Dcom_liferay_asset_publisher_web_portlet_AssetPublisherPortlet_INSTANCE_jxAAwa0RUz5U%26p_p_lifecycle%3D0%26p_p_state%3Dnormal%26p_p_mode%3Dview%26_com_liferay_asset_publisher_web_portlet_AssetPublisherPortlet_INSTANCE_jxAAwa0RUz5U_cur%3D0%26p_r_p_resetCur%3Dfalse%26_com_liferay_asset_publisher_web_portlet_AssetPublisherPortlet_INSTANCE_jxAAwa0RUz5U_assetEntryId%3D19329468\">M\u00e1s informaci\u00f3n<\/a><\/div>\n\n\n\n<div class=\"wp-block-button\"><a class=\"wp-block-button__link has-white-color has-vivid-red-background-color has-text-color has-background\" rel=\"https:\/\/boc.cantabria.es\/boces\/verAnuncioAction.do?idAnuBlob=368215\">Texto \u00edntegro de la Orden<\/a><\/div>\n\n\n\n<div class=\"wp-block-button\"><a class=\"wp-block-button__link has-white-color has-vivid-red-background-color has-text-color has-background\" rel=\"https:\/\/dgte.cantabria.es\/documents\/16449\/19196877\/INT-07-042_solicitud-subvenciones-2022-R+Solicitud+y+Anexos.pdf\/a3cb7109-eb7a-7127-9abf-d74d320d69f6?version=1.0&amp;t=1643614108442\">Descarga de solicitud<\/a><\/div>\n<\/div>\n\n\n\n<p><\/p>\n","protected":false},"excerpt":{"rendered":"<p>Orden EPS\/42\/2021, de 28 de diciembre, por la que se establecen las bases reguladoras y se aprueba una convocatoria de subvenciones p\u00fablicas destinadas a la financiaci\u00f3n de las inversiones del Componente 23 &#8211; Direcci\u00f3n General de Trabajo SUBVENCIONES PARA EL MANTENIMIENTO DEL EMPLEO POR CUENTA AJENA Beneficiarios: Las&nbsp;microempresas y personas trabajadoras aut\u00f3nomas que desarrollen su [&hellip;]<\/p>\n","protected":false},"author":2,"featured_media":1072,"comment_status":"closed","ping_status":"closed","sticky":false,"template":"","format":"standard","meta":{"_acf_changed":false,"_monsterinsights_skip_tracking":false,"_monsterinsights_sitenote_active":false,"_monsterinsights_sitenote_note":"","_monsterinsights_sitenote_category":0,"footnotes":""},"categories":[17],"tags":[6],"class_list":["post-1152","post","type-post","status-publish","format-standard","has-post-thumbnail","hentry","category-ayudas","tag-ayudas"],"acf":[],"_links":{"self":[{"href":"https:\/\/coercan.net\/index.php?rest_route=\/wp\/v2\/posts\/1152","targetHints":{"allow":["GET"]}}],"collection":[{"href":"https:\/\/coercan.net\/index.php?rest_route=\/wp\/v2\/posts"}],"about":[{"href":"https:\/\/coercan.net\/index.php?rest_route=\/wp\/v2\/types\/post"}],"author":[{"embeddable":true,"href":"https:\/\/coercan.net\/index.php?rest_route=\/wp\/v2\/users\/2"}],"replies":[{"embeddable":true,"href":"https:\/\/coercan.net\/index.php?rest_route=%2Fwp%2Fv2%2Fcomments&post=1152"}],"version-history":[{"count":5,"href":"https:\/\/coercan.net\/index.php?rest_route=\/wp\/v2\/posts\/1152\/revisions"}],"predecessor-version":[{"id":1157,"href":"https:\/\/coercan.net\/index.php?rest_route=\/wp\/v2\/posts\/1152\/revisions\/1157"}],"wp:featuredmedia":[{"embeddable":true,"href":"https:\/\/coercan.net\/index.php?rest_route=\/wp\/v2\/media\/1072"}],"wp:attachment":[{"href":"https:\/\/coercan.net\/index.php?rest_route=%2Fwp%2Fv2%2Fmedia&parent=1152"}],"wp:term":[{"taxonomy":"category","embeddable":true,"href":"https:\/\/coercan.net\/index.php?rest_route=%2Fwp%2Fv2%2Fcategories&post=1152"},{"taxonomy":"post_tag","embeddable":true,"href":"https:\/\/coercan.net\/index.php?rest_route=%2Fwp%2Fv2%2Ftags&post=1152"}],"curies":[{"name":"wp","href":"https:\/\/api.w.org\/{rel}","templated":true}]}}