{"id":1165,"date":"2022-02-28T12:14:47","date_gmt":"2022-02-28T11:14:47","guid":{"rendered":"https:\/\/coercan.net\/?p=1165"},"modified":"2022-11-16T13:41:11","modified_gmt":"2022-11-16T12:41:11","slug":"la-feria-del-libro-de-santander-y-de-cantabria-renueva-su-propuesta-y-lanza-una-apuesta-atrevida-para-su-41-edicion","status":"publish","type":"post","link":"https:\/\/coercan.net\/?p=1165","title":{"rendered":"La feria del libro de Santander y de Cantabria renueva su propuesta y lanza una apuesta atrevida para su 41 edici\u00f3n"},"content":{"rendered":"\n<h3 class=\"wp-block-heading\">Librer\u00edas Asociadas de Cantabria (LAC) se propone \u201cmover la ciudad\u201d durante varias semanas hasta llegar a una renovada Feria que se celebrar\u00e1 del 1 al 10 de julio en la Plaza Porticada de Santander.<\/h3>\n\n\n\n<h3 class=\"wp-block-heading\">El Ayuntamiento de Santander y el Gobierno de Cantabria se comprometen con una propuesta m\u00e1s \u201cparticipativa y diversa\u201d y avanzan parte de la programaci\u00f3n.<\/h3>\n\n\n\n<figure class=\"wp-block-image size-large\"><img fetchpriority=\"high\" decoding=\"async\" width=\"1024\" height=\"341\" src=\"https:\/\/coercan.net\/wp-content\/uploads\/2022\/02\/facebook-felisa-1024x341.jpg\" alt=\"Feria del Libro de Santander y Cantabria\" class=\"wp-image-1164\" srcset=\"https:\/\/coercan.net\/wp-content\/uploads\/2022\/02\/facebook-felisa-1024x341.jpg 1024w, https:\/\/coercan.net\/wp-content\/uploads\/2022\/02\/facebook-felisa-600x200.jpg 600w, https:\/\/coercan.net\/wp-content\/uploads\/2022\/02\/facebook-felisa-768x256.jpg 768w\" sizes=\"(max-width: 1024px) 100vw, 1024px\" \/><\/figure>\n\n\n\n<p>La Feria del Libro de Santander y de Cantabria se denominar\u00e1 <strong>Felisa<\/strong> <strong>2022 <\/strong>en su 41 edici\u00f3n. Pero este acr\u00f3nimo que contiene su nombre ser\u00e1, al mismo tiempo, el s\u00edmbolo de una inmensa propuesta cultural que agitar\u00e1 la ciudad de Santander desde varios semanas antes de que se inaugure oficialmente, el 1 de julio, en la Plaza Porticada de Santander.<\/p>\n\n\n\n<p>\u201cDespu\u00e9s de 40 a\u00f1os, nos hemos decidido a dar un nuevo aliento a la feria en alianza con instituciones, asociaciones y entidades de la regi\u00f3n\u201d, explica Luis Lisaso, presidente de Librer\u00edas Asociadas de Cantabria (LAC), el gremio que organiza <strong>Felisa 2022 <\/strong>con el apoyo y la colaboraci\u00f3n de la Concejal\u00eda de Cultura del Ayuntamiento de Santander y de la Consejer\u00eda de Universidades, Igualdad, Cultura y Deportes del Gobierno de Cantabria.<\/p>\n\n\n\n<p><strong>Felisa 2022 <\/strong>discurrir\u00e1 del 1 al 10 de julio pero, antes, tiene programadas diversas acciones de fomento de la lectura y de activaci\u00f3n cultural, muchas de ellas relacionadas con las efem\u00e9rides literarias de este a\u00f1o. LAC ha dise\u00f1ado una agenda que <strong>comenzar\u00e1 el 23 de abril, D\u00eda del Libro<\/strong>, con un espacio de todo el gremio en la Plaza del Ayuntamiento de Santander donde se promover\u00e1 la programaci\u00f3n de la Feria pero en el que, adem\u00e1s, ya se producir\u00e1n diversas presentaciones de autoras y autores c\u00e1ntabros. M\u00e1s adelante, <strong>Felisa 2022<\/strong> tiene previstos concursos, acciones de calle, performances y una programaci\u00f3n especial en junio que, entre otras propuestas, trae un homenaje al escritor y cineasta Pier Paolo Passolini, en alianza con la asociaci\u00f3n cultural La Llave Azul y la Filmoteca Regional de Cantabria.<\/p>\n\n\n\n<p>Otros aliados de <strong>Felisa 2022 <\/strong>son, este a\u00f1o, la Red de Bibliotecas Municipales de Santander y diversos ayuntamientos con los que se est\u00e1n organizando Excursiones Literarias a la capital de la comunidad aut\u00f3noma durante los 10 d\u00edas que durar\u00e1 la feria. En Felisa <strong>se homenajear\u00e1 a \u00d3scar Mu\u00f1iz<\/strong>, el impulsor de la Librer\u00eda Nexus-4 y de diversas iniciativas alrededor del c\u00f3mic y del libro ilustrado, fallecido en 2021, y har\u00e1 especial \u00e9nfasis en las figuras de <strong>Jos\u00e9 Hierro y de Jos\u00e9 Saramago<\/strong>, dos autores inmensos de los que se celebra el centenario de su nacimiento y que tuvieron, en diversas intensidades, una profunda relaci\u00f3n con Santander y con Cantabria. De hecho, LAC ha coordinado su programaci\u00f3n de cerca con las dos fundaciones que velan por el legado de estos dos autores.<\/p>\n\n\n\n<p>La programaci\u00f3n de la Feria de 2022 ya cuenta con algunas invitadas e invitados de primera l\u00ednea confirmados, como el colombiano <strong>H\u00e9ctor Abad Faciolince <\/strong>(autor de <em>El olvido que seremos<\/em> o <em>Angosta<\/em>), <strong>Bel\u00e9n Gopegui<\/strong>, <strong>Marta Sanz<\/strong>, <strong>Fernando G\u00f3mez Aguilera <\/strong>(el c\u00e1ntabro que, adem\u00e1s, dirige la Fundaci\u00f3n C\u00e9sar Manrique), las escritoras de literatura infantil y juvenil <strong>Chiqui F\u00e1bregat <\/strong>y <strong>Susana Isern<\/strong>, o las ilustradoras <strong>Esther Gili <\/strong>o <strong>Antonio Lorente<\/strong>, entre otros.<\/p>\n\n\n\n<p>Adem\u00e1s, la Feria tendr\u00e1 un caf\u00e9 literario con presentaciones de formato cercano, un horario que se prolongar\u00e1 hasta las 10 y media de la noche y una potente programaci\u00f3n de m\u00fasica, performance y poes\u00eda que cerrar\u00e1 con el <strong>concierto de Freedonia<\/strong>, la afamada banda de soul madrile\u00f1a, cuyo \u00faltimo disco (<em>Conciencia<\/em>) es un homenaje al legado de Jos\u00e9 Saramago. La programaci\u00f3n completa se conocer\u00e1 a finales de abril, pero ya han confirmado su <strong>participaci\u00f3n 16 librer\u00edas de la comunidad aut\u00f3noma<\/strong>, as\u00ed como el <strong>Gremio de Editores de Cantabria<\/strong>. En total, habr\u00e1 <strong>unos 45 autores locales, regionales, nacionales e internacionales invitados, as\u00ed como 10 propuestas esc\u00e9nicas <\/strong>que se podr\u00e1n disfrutar en el inicio del verano santanderino.<\/p>\n","protected":false},"excerpt":{"rendered":"<p>Librer\u00edas Asociadas de Cantabria (LAC) se propone \u201cmover la ciudad\u201d durante varias semanas hasta llegar a una renovada Feria que se celebrar\u00e1 del 1 al 10 de julio en la Plaza Porticada de Santander. El Ayuntamiento de Santander y el Gobierno de Cantabria se comprometen con una propuesta m\u00e1s \u201cparticipativa y diversa\u201d y avanzan parte [&hellip;]<\/p>\n","protected":false},"author":2,"featured_media":1164,"comment_status":"closed","ping_status":"closed","sticky":false,"template":"","format":"standard","meta":{"_acf_changed":false,"_monsterinsights_skip_tracking":false,"_monsterinsights_sitenote_active":false,"_monsterinsights_sitenote_note":"","_monsterinsights_sitenote_category":0,"footnotes":""},"categories":[2],"tags":[30,29,4],"class_list":["post-1165","post","type-post","status-publish","format-standard","has-post-thumbnail","hentry","category-noticias","tag-feria-del-libro","tag-lac","tag-noticias"],"acf":[],"_links":{"self":[{"href":"https:\/\/coercan.net\/index.php?rest_route=\/wp\/v2\/posts\/1165","targetHints":{"allow":["GET"]}}],"collection":[{"href":"https:\/\/coercan.net\/index.php?rest_route=\/wp\/v2\/posts"}],"about":[{"href":"https:\/\/coercan.net\/index.php?rest_route=\/wp\/v2\/types\/post"}],"author":[{"embeddable":true,"href":"https:\/\/coercan.net\/index.php?rest_route=\/wp\/v2\/users\/2"}],"replies":[{"embeddable":true,"href":"https:\/\/coercan.net\/index.php?rest_route=%2Fwp%2Fv2%2Fcomments&post=1165"}],"version-history":[{"count":1,"href":"https:\/\/coercan.net\/index.php?rest_route=\/wp\/v2\/posts\/1165\/revisions"}],"predecessor-version":[{"id":1166,"href":"https:\/\/coercan.net\/index.php?rest_route=\/wp\/v2\/posts\/1165\/revisions\/1166"}],"wp:featuredmedia":[{"embeddable":true,"href":"https:\/\/coercan.net\/index.php?rest_route=\/wp\/v2\/media\/1164"}],"wp:attachment":[{"href":"https:\/\/coercan.net\/index.php?rest_route=%2Fwp%2Fv2%2Fmedia&parent=1165"}],"wp:term":[{"taxonomy":"category","embeddable":true,"href":"https:\/\/coercan.net\/index.php?rest_route=%2Fwp%2Fv2%2Fcategories&post=1165"},{"taxonomy":"post_tag","embeddable":true,"href":"https:\/\/coercan.net\/index.php?rest_route=%2Fwp%2Fv2%2Ftags&post=1165"}],"curies":[{"name":"wp","href":"https:\/\/api.w.org\/{rel}","templated":true}]}}