{"id":1201,"date":"2022-04-22T09:17:18","date_gmt":"2022-04-22T07:17:18","guid":{"rendered":"https:\/\/coercan.net\/?p=1201"},"modified":"2022-11-16T13:41:11","modified_gmt":"2022-11-16T12:41:11","slug":"yo-compro-en-santona-bases-y-establecimientos-participantes-2","status":"publish","type":"post","link":"https:\/\/coercan.net\/?p=1201","title":{"rendered":"\u00abYo compro en Santo\u00f1a\u00bb Bases y establecimientos participantes"},"content":{"rendered":"\n<div class=\"wp-block-image\"><figure class=\"aligncenter size-large is-resized\"><img fetchpriority=\"high\" decoding=\"async\" src=\"https:\/\/coercan.net\/wp-content\/uploads\/2022\/04\/yo-compro-en-santona-724x1024.jpg\" alt=\"\" class=\"wp-image-1202\" width=\"568\" height=\"803\"\/><\/figure><\/div>\n\n\n\n<ul class=\"wp-block-list\"><li>Cada establecimiento dispondr\u00e1 de un <strong><u>m\u00ednimo de 300 papeletas<\/u><\/strong> para poder repartir entre los clientes que compren por un m\u00ednimo de 5 \u20ac. Igualmente, se le entregar\u00e1n flyers para informar a los clientes de esta campa\u00f1a, as\u00ed como carteles promocionales.<\/li><\/ul>\n\n\n\n<ul class=\"wp-block-list\"><li>Cada establecimiento participante entregar\u00e1 a su cliente una papeleta por cada <strong><u>tramo de<\/u><\/strong> <strong>compra superior a 5 \u20ac,<\/strong> hasta un m\u00e1ximo de 20 papeletas por venta, que este cumplimentar\u00e1 con su nombre, apellidos y tel\u00e9fono de contacto.<\/li><\/ul>\n\n\n\n<ul class=\"wp-block-list\"><li>Las papeletas se rellenar\u00e1n por los clientes <strong><u>desde el 22 de abril al 4 de mayo<\/u><\/strong> inclusive.<\/li><\/ul>\n\n\n\n<ul class=\"wp-block-list\"><li>Cada comercio guardar\u00e1 en su establecimiento esas papeletas cumplimentadas por los clientes hasta que sean retiradas por la organizaci\u00f3n.<\/li><\/ul>\n\n\n\n<ul class=\"wp-block-list\"><li>Cada una de <strong><u>las papeletas cumplimentadas deber\u00e1n tener el sello o los datos del establecimiento<\/u><\/strong> que las haya entregado.<\/li><\/ul>\n\n\n\n<ul class=\"wp-block-list\"><li>El <strong><u>d\u00eda 5 de mayo a las 13:00 horas,<\/u><\/strong> en el Ayuntamiento de Santo\u00f1a, se proceder\u00e1 a extraer dos papeletas, que deber\u00e1n estar debidamente cumplimentadas y con el identificativo del establecimiento participante. Si no es as\u00ed, la papeleta ser\u00e1 nula.<\/li><\/ul>\n\n\n\n<ul class=\"wp-block-list\"><li>El premio para las dos personas titulares de esas dos papeletas ser\u00e1 <strong><u>un cheque regalo, por valor de 1000 \u20ac cada uno<\/u>, a consumir el d\u00eda 7 de mayo<\/strong> en los establecimientos participantes en la campa\u00f1a. El valor total de los premios de la campa\u00f1a ser\u00e1 2000 \u20ac.<\/li><\/ul>\n\n\n\n<ul class=\"wp-block-list\"><li>Se extraer\u00e1n, igualmente, <strong><u>dos papeletas de reserva<\/u><\/strong> que se dar\u00e1n a conocer solo si la persona inicialmente agraciada no fuese localizada en las 24 horas siguientes al sorteo.<\/li><\/ul>\n\n\n\n<ul class=\"wp-block-list\"><li>La persona premiada, si no fuera localizada en el tel\u00e9fono indicado en la papeleta en las 24 horas siguientes al sorteo, <strong><u>no tendr\u00e1 derecho a la obtenci\u00f3n del premio de esta campa\u00f1a<\/u><\/strong>.<\/li><\/ul>\n\n\n\n<ul class=\"wp-block-list\"><li>Una vez localizada a la persona premiada se le har\u00e1 llegar un <strong><u>listado con los comercios participantes en la promoci\u00f3n<\/u><\/strong>.<\/li><\/ul>\n\n\n\n<ul class=\"wp-block-list\"><li>A cada una de las dos personas premiadas se les entregar\u00e1, el d\u00eda 7 de mayo, un vale de compra por un total de 1.000 \u20ac, que deber\u00e1n gastar ese mismo d\u00eda <strong><u>en 4 establecimientos participantes en la campa\u00f1a, siendo obligatorio hacer<\/u><\/strong> <strong>un gasto m\u00ednimo de 200 \u20ac en el establecimiento d\u00f3nde se sell\u00f3 cada una de las dos papeletas ganadoras<\/strong>.<\/li><\/ul>\n\n\n\n<ul class=\"wp-block-list\"><li>El premiado deber\u00e1 entregar a la organizaci\u00f3n una <strong><u>fotocopia de su dni, firmar el correspondiente recib\u00ed del premio<\/u><\/strong> y permitir la toma de im\u00e1genes del evento que quedar\u00e1n a disposici\u00f3n de la organizaci\u00f3n.<\/li><\/ul>\n\n\n\n<ul class=\"wp-block-list\"><li>Cualquier <strong><u>vale manipulado o defectuoso<\/u><\/strong> no ser\u00e1 aceptado por la organizaci\u00f3n para que pueda ser canjeado.<\/li><\/ul>\n\n\n\n<ul class=\"wp-block-list\"><li>En la campa\u00f1a podr\u00e1n participar y ser premiadas <strong><u>exclusivamente mayores de 18 a\u00f1os<\/u><\/strong>.<\/li><\/ul>\n\n\n\n<ul class=\"wp-block-list\"><li><strong><u>La persona premiada no podr\u00e1 ser sustituida por otra para realizar las compras el d\u00eda 7 de mayo<\/u><\/strong> a no ser que exista un motivo de fuerza mayor debidamente acreditada y autorizada por la organizaci\u00f3n.<\/li><\/ul>\n\n\n\n<ul class=\"wp-block-list\"><li><strong><u>No podr\u00e1 ser premiada<\/u><\/strong> una persona que haya cumplimentado su papeleta en el establecimiento de un familiar de primer o segundo grado. Tampoco podr\u00e1n participar quienes trabajen en el establecimiento rellenando papeletas del mismo establecimiento.<\/li><\/ul>\n\n\n\n<ul class=\"wp-block-list\"><li>El incumplimiento de alg\u00fan punto de estas bases por el comerciante o por el agraciado dar\u00e1 lugar a la <strong><u>revocaci\u00f3n del premio<\/u><\/strong> o a no poder canjear el vale correspondiente por parte del comerciante.<\/li><\/ul>\n\n\n\n<ul class=\"wp-block-list\"><li>Cualquier duda o controversia que generen las presentes bases ser\u00e1n resueltas por la Federaci\u00f3n del Comercio, siendo su resoluci\u00f3n inapelable.<\/li><\/ul>\n\n\n\n<p><strong>Los premios se entregar\u00e1n el s\u00e1bado, 7 de mayo, a las 10:00 horas en uno de los dos establecimientos en que sellaron cada una de las dos papeletas ganadoras.<\/strong><\/p>\n\n\n\n<p><strong>El premio no se podr\u00e1 canjear por dinero en met\u00e1lico.<\/strong><\/p>\n\n\n\n<p><strong><em>CAMPA\u00d1A ORGANIZADA POR LA FEDERACI\u00d3N DEL COMERCIO DE CANTABRIA-COERCAN, EN LA QUE COLABORA LA CONSEJER\u00cdA DE INDUSTRIA, TURISMO, INNOVACI\u00d3N, TRANSPORTE Y COMERCIO DEL GOBIERNO DE CANTABRIA, LA ASOCIACI\u00d3N DE COMERCIANTES Y EMPRESARIOS DE SANTO\u00d1A (ACES) Y EL EXCELENT\u00cdSIMO AYUNTAMIENTO DE SANTO\u00d1A<\/em><\/strong><\/p>\n\n\n\n<h3 class=\"wp-block-heading\">ESTABLECIMIENTOS PARTICIPANTES<\/h3>\n\n\n\n<ul class=\"wp-block-list\"><li><strong>Arroba Multimedia\u00a0<\/strong>C\/ Lino Casimiro Iborra 16B<\/li><li><strong>Bianco Menswear<\/strong> &#8211; C\/ Marqu\u00e9s de Robrero 15<\/li><li><strong>Centro \u00d3ptico Santo\u00f1a\u00a0<\/strong>C\/ Manzanedo 11<\/li><li><strong>Cokola\u00a0<\/strong>C\/ Cervantes 21<\/li><li><strong>Conservas Emilia\u00a0<\/strong>Pol. Industrial Las Marismas Nave 2<\/li><li><strong>Conservas Emilia\u00a0<\/strong>C\/ Carrero Blanco 23<\/li><li><strong>Ferreter\u00eda Fercas\u00a0<\/strong>C\/ Duque 17<\/li><li><strong>Igo\u2019s\u00a0<\/strong>C\/ Cervantes 5<\/li><li><strong>JVM Cenor\u00a0<\/strong>C\/ Las Huertas 3<\/li><li><strong>Las Dos Rampas<\/strong> &#8211; C\/ General Salinas 2<\/li><li><strong>Librer\u00eda Mel\u00e9ndez\u00a0<\/strong>C\/ Manzanedo 8<\/li><li><strong>Los P\u00edcaros\u00a0<\/strong>C\/ Serna Occina 7<\/li><li><strong>Mariscos Riomar\u00a0<\/strong>Pl. de la Concordia s\/n<\/li><li><strong>Mercer\u00eda Josmar\u00a0<\/strong>C\/ Marqu\u00e9s de Robrero 5<\/li><li><strong>Muebles Olga\u00a0<\/strong>C\/ Trasmiera 5<\/li><li><strong>\u00d3ptica Visi\u00f3n\u00a0<\/strong>C\/ Marqu\u00e9s de Robrero 6<\/li><li><strong>Prodibios Eco-Salud\u00a0<\/strong>C\/ Marqu\u00e9s de Robrero 3<\/li><li><strong>Ranero\u00a0<\/strong>C\/ Alfonso XII 11<\/li><li><strong>Salazones y Conservas<\/strong> <strong>Blasan<\/strong> Plz. San Antonio (C\/ Manzanedo 2)<\/li><li><strong>Salazones y Conservas Blasan<\/strong> Pol. Las Marismas 19bis<\/li><li><strong>Wat Say Surf Shop\u00a0<\/strong>Pl. de la Concordia 4<\/li><\/ul>\n","protected":false},"excerpt":{"rendered":"<p>COERCAN y ACES ponen en marcha la campa\u00f1a \u00abYo compro en Santo\u00f1a\u00bb, con 2 premios de 1.000 euros a sortear entre los que compren en los comercio adheridos.<\/p>\n","protected":false},"author":2,"featured_media":1202,"comment_status":"closed","ping_status":"closed","sticky":false,"template":"","format":"standard","meta":{"_acf_changed":false,"_monsterinsights_skip_tracking":false,"_monsterinsights_sitenote_active":false,"_monsterinsights_sitenote_note":"","_monsterinsights_sitenote_category":0,"footnotes":""},"categories":[10],"tags":[11,19],"class_list":["post-1201","post","type-post","status-publish","format-standard","has-post-thumbnail","hentry","category-bases","tag-bases","tag-campana"],"acf":[],"_links":{"self":[{"href":"https:\/\/coercan.net\/index.php?rest_route=\/wp\/v2\/posts\/1201","targetHints":{"allow":["GET"]}}],"collection":[{"href":"https:\/\/coercan.net\/index.php?rest_route=\/wp\/v2\/posts"}],"about":[{"href":"https:\/\/coercan.net\/index.php?rest_route=\/wp\/v2\/types\/post"}],"author":[{"embeddable":true,"href":"https:\/\/coercan.net\/index.php?rest_route=\/wp\/v2\/users\/2"}],"replies":[{"embeddable":true,"href":"https:\/\/coercan.net\/index.php?rest_route=%2Fwp%2Fv2%2Fcomments&post=1201"}],"version-history":[{"count":4,"href":"https:\/\/coercan.net\/index.php?rest_route=\/wp\/v2\/posts\/1201\/revisions"}],"predecessor-version":[{"id":1210,"href":"https:\/\/coercan.net\/index.php?rest_route=\/wp\/v2\/posts\/1201\/revisions\/1210"}],"wp:featuredmedia":[{"embeddable":true,"href":"https:\/\/coercan.net\/index.php?rest_route=\/wp\/v2\/media\/1202"}],"wp:attachment":[{"href":"https:\/\/coercan.net\/index.php?rest_route=%2Fwp%2Fv2%2Fmedia&parent=1201"}],"wp:term":[{"taxonomy":"category","embeddable":true,"href":"https:\/\/coercan.net\/index.php?rest_route=%2Fwp%2Fv2%2Fcategories&post=1201"},{"taxonomy":"post_tag","embeddable":true,"href":"https:\/\/coercan.net\/index.php?rest_route=%2Fwp%2Fv2%2Ftags&post=1201"}],"curies":[{"name":"wp","href":"https:\/\/api.w.org\/{rel}","templated":true}]}}