{"id":1226,"date":"2022-05-19T19:12:40","date_gmt":"2022-05-19T17:12:40","guid":{"rendered":"https:\/\/coercan.net\/?p=1226"},"modified":"2022-11-16T13:41:11","modified_gmt":"2022-11-16T12:41:11","slug":"la-compra-magica-bases-y-establecimientos-participantes","status":"publish","type":"post","link":"https:\/\/coercan.net\/?p=1226","title":{"rendered":"La Compra M\u00e1gica &#8211; Bases y establecimientos participantes"},"content":{"rendered":"\n<figure class=\"wp-block-image size-large\"><img fetchpriority=\"high\" decoding=\"async\" width=\"1024\" height=\"538\" src=\"https:\/\/coercan.net\/wp-content\/uploads\/2022\/05\/compramagicaweb2-1024x538.jpg\" alt=\"\" class=\"wp-image-1237\" srcset=\"https:\/\/coercan.net\/wp-content\/uploads\/2022\/05\/compramagicaweb2-1024x538.jpg 1024w, https:\/\/coercan.net\/wp-content\/uploads\/2022\/05\/compramagicaweb2-600x315.jpg 600w, https:\/\/coercan.net\/wp-content\/uploads\/2022\/05\/compramagicaweb2-768x403.jpg 768w\" sizes=\"(max-width: 1024px) 100vw, 1024px\" \/><\/figure>\n\n\n\n<h3 class=\"wp-block-heading\">BASES<\/h3>\n\n\n\n<p>Cada establecimiento dispondr\u00e1 de un&nbsp;<strong><u>m\u00ednimo de 200 papeletas<\/u><\/strong>&nbsp;para poder repartir entre los clientes que hagan compra por valor superior a 10\u20ac. Igualmente, se le entregar\u00e1n flyers para informar a los clientes de esta campa\u00f1a as\u00ed como carteles promocionales.<\/p>\n\n\n\n<p>Cada establecimiento participante entregar\u00e1 a su cliente una papeleta <strong><u>por cada&nbsp;compra superior a 10 \u20ac<\/u><\/strong><strong><u>,<\/u><\/strong> que este cumplimentar\u00e1 con su nombre, apellidos y tel\u00e9fono de contacto. Los datos personales recogidos durante esta campa\u00f1a no entrar\u00e1n a formar parte de ninguna base de datos, procedi\u00e9ndose a su destrucci\u00f3n una vez finalizada la campa\u00f1a y respet\u00e1ndose el contenido de la LOPD.<\/p>\n\n\n\n<p>Las papeletas se rellenar\u00e1n por los clientes&nbsp;<strong><u>desde el 20&nbsp;de mayo hasta el 4 de junio.<\/u><\/strong><\/p>\n\n\n\n<p>Cada comercio guardar\u00e1 en su establecimiento esas papeletas cumplimentadas por los clientes hasta que sean retiradas por la organizaci\u00f3n.<\/p>\n\n\n\n<p>Cada una de&nbsp;<strong><u>las papeletas cumplimentadas deber\u00e1 tener el sello o los datos del establecimiento<\/u><\/strong>&nbsp;que las haya entregado.<\/p>\n\n\n\n<p>El&nbsp;<strong><u>d\u00eda 9 de junio&nbsp;<\/u><\/strong>en la sede de la asociaci\u00f3n se proceder\u00e1n a extraer <strong>CINCO papeletas<\/strong>, que deber\u00e1n estar debidamente cumplimentadas y con el identificativo del establecimiento participante.<\/p>\n\n\n\n<p>Los establecimientos en los que se hayan adquirido las compras deber\u00e1n estar radicados en localidades diferentes en cada uno de los premios.&nbsp;<strong><u>No habr\u00e1 m\u00e1s de un premio en cada localidad<\/u><\/strong>.<\/p>\n\n\n\n<p>Se extraer\u00e1n, igualmente,&nbsp;<strong><u>CINCO papeletas de reserva<\/u><\/strong>&nbsp;que se dar\u00e1n a conocer solo si las personas inicialmente agraciadas no fuesen localizadas en las 24 horas siguientes al sorteo. A las reservas se les aplicar\u00e1, igualmente, ese mismo plazo para ser localizados.<\/p>\n\n\n\n<p>Las personas premiadas, si no fueran localizadas en el tel\u00e9fono indicado en la papeleta en las 24 horas siguientes al sorteo,&nbsp;<strong><u>no tendr\u00e1n derecho a la obtenci\u00f3n del premio de esta campa\u00f1a<\/u><\/strong>.<\/p>\n\n\n\n<p>Una vez localizadas las personas premiadas se les har\u00e1 llegar a estas un&nbsp;<strong><u>listado con los comercios participantes en la promoci\u00f3n,<\/u><\/strong>&nbsp;que incluir\u00e1 su direcci\u00f3n y el tipo de comercio del que se trata.<\/p>\n\n\n\n<p>Los comercios que no hayan entregado papeletas cumplimentadas a la organizaci\u00f3n no podr\u00e1n ser elegidos para canjear los vales.<\/p>\n\n\n\n<p>A cada una de las personas premiadas se le entregar\u00e1n <strong><u>dos vales de compra, por un importe total de 600 \u20ac<\/u><\/strong>, que deber\u00e1 gastar, hasta el 18 de junio<strong><u>,<\/u> <u>con la compa\u00f1\u00eda de un mago facilitado por la organizaci\u00f3n<\/u><\/strong>, en dos de los establecimientos que hayan participado en la campa\u00f1a, debiendo gastar 300 \u20ac en el establecimiento en el que sell\u00f3 la papeleta ganadora y otros 300\u20ac en otro establecimiento de la campa\u00f1a.<\/p>\n\n\n\n<p><strong><u>Los vales no podr\u00e1n ser canjeados por dinero en met\u00e1lico por las personas agraciadas<\/u><\/strong>. Ser\u00e1 el comercio que participe en la campa\u00f1a el que deber\u00e1 canjear el importe del vale por dinero en efectivo en la sede de la asociaci\u00f3n, acompa\u00f1ando siempre al vale del premio una copia del ticket de la compra realizada por el ganador y adjuntando una copia de su dni y firmando su correspondiente recib\u00ed.<\/p>\n\n\n\n<p>Al comerciante se le entregar\u00e1, como m\u00e1ximo, el importe del vale que canjee, siempre que el importe del ticket sea igual o superior al mismo. Si el valor del ticket fuera inferior se le entregar\u00e1 el importe del valor del ticket. La diferencia entre el vale entregado por el premiado y el valor del ticket (si este fuera superior) deber\u00e1 abonarlo el ganador del premio.<\/p>\n\n\n\n<p>El premiado deber\u00e1 entregar a la organizaci\u00f3n una&nbsp;<strong><u>fotocopia de su dni<\/u><\/strong>&nbsp;y permitir la toma de im\u00e1genes del evento que quedar\u00e1n a disposici\u00f3n de la organizaci\u00f3n.<\/p>\n\n\n\n<p>Cualquier&nbsp;<strong><u>vale manipulado o defectuoso<\/u><\/strong>&nbsp;no ser\u00e1 aceptado por la organizaci\u00f3n para que pueda ser canjeado.<\/p>\n\n\n\n<p>En la campa\u00f1a podr\u00e1n participar y ser premiadas&nbsp;<strong><u>exclusivamente personas mayores de 18 a\u00f1os<\/u><\/strong>.<strong><\/strong><\/p>\n\n\n\n<p><strong><u>Las personas premiadas no podr\u00e1n ser sustituidas por otra para realizar las compras<\/u><\/strong><strong>&nbsp;<\/strong>a no ser que exista un motivo de fuerza mayor debidamente acreditado y autorizado por la organizaci\u00f3n.<\/p>\n\n\n\n<p><strong><u>No podr\u00e1 ser premiada<\/u><\/strong>&nbsp;una persona que haya cumplimentado su papeleta en el establecimiento de un familiar de primer o segundo grado.<\/p>\n\n\n\n<p>Se realizar\u00e1 <strong><u>publicidad de la campa\u00f1a en diferentes medios de comunicaci\u00f3n<\/u><\/strong>.<\/p>\n\n\n\n<p><strong><u>Una misma persona no podr\u00e1 obtener m\u00e1s de un premio<\/u><\/strong> en esta campa\u00f1a.<\/p>\n\n\n\n<p>Cualquier duda sobre la interpretaci\u00f3n de las bases de esta campa\u00f1a ser\u00e1 resuelta, de manera inapelable, por la propia Asociaci\u00f3n organizadora de esta campa\u00f1a.<\/p>\n\n\n\n<p>El incumplimiento de alg\u00fan punto de estas bases por el comerciante o por los agraciados dar\u00e1 lugar a la&nbsp;<strong><u>revocaci\u00f3n del premio<\/u><\/strong>&nbsp;o a no poder canjear el vale correspondiente por parte del comerciante.<\/p>\n\n\n\n<p><strong>Campa\u00f1a en la que colabora la Consejer\u00eda de Industria, Turismo, Innovaci\u00f3n, Transporte y Comercio del Gobierno de Cantabria y la Federaci\u00f3n del Comercio de Cantabria-COERCAN<\/strong><\/p>\n\n\n\n<h3 class=\"wp-block-heading\">ESTABLECIMIENTOS PARTICIPANTES<\/h3>\n\n\n\n<h3 class=\"wp-block-heading\">Colindres<\/h3>\n\n\n\n<ul class=\"wp-block-list\"><li>A DUO ATELIER &#8211; C\/ LA ESPERANZA 2<\/li><li>ALICIA ZUBIETA &#8211; PLZ. DEL PESCADOR 1<\/li><li>ANACAR &#8211; C\/ DOCTOR PABLO PUENTE 4<\/li><li>ARAMAR &#8211; C\/ JUAN DE HERRERA 2<\/li><li>ARRUQUE &#8211; C\/ PINTOR ROSALES 1<\/li><li>AVIONES DE PAPEL &#8211; C\/ PINTOR ROSALES 4<\/li><li>C22 &#8211; C\/ SAN CAYETANO 1<\/li><li>DE PUNTA EN BLANCO &#8211; C\/ LA MAGDALENA 23<\/li><li>GUACAMOLA &#8211; C\/ HELIODORO FERN\u00c1NDEZ<\/li><li>OXFORD &#8211; C\/ SANTANDER 23<\/li><li>PERFUMER\u00cdA MILA &#8211; PLZ. DEL PESCADOR 7<\/li><li>S&amp;S &#8211; PLZ. DEL PESCADOR 1<\/li><li>SISTERS &#8211; C\/ HELIODORO FERN\u00c1NDEZ 20<\/li><li>SISTERS KIDS AND TEEN &#8211; ALAMEDA SAN GIN\u00c9S 1<\/li><li>TYCH\u00c9 &#8211; C\/ SANTANDER 18<\/li><\/ul>\n\n\n\n<h3 class=\"wp-block-heading\">El Astillero<\/h3>\n\n\n\n<ul class=\"wp-block-list\"><li>AFRIKA RUIZ MODA &#8211; AV. DE ESPA\u00d1A 7<\/li><li>DEPORTES KIKE &#8211; C\/ NAVARRA 6<\/li><li>MERCER\u00cdA MONTSE &#8211; C\/ FRANCISCO D\u00cdAZ PIMIENTA 25<\/li><li>MODAS DELIA &#8211; C\/ SAN JOS\u00c9 23<\/li><li>ROSANA REY BOUTIQUE &#8211; AV. ESPA\u00d1A<\/li><li>TRECA &#8211; C\/ SAN JOS\u00c9 8<\/li><\/ul>\n\n\n\n<h3 class=\"wp-block-heading\">Los Corrales de Buelna<\/h3>\n\n\n\n<ul class=\"wp-block-list\"><li>AZABACHE 16 &#8211; AV. CANTABRIA 20<\/li><li>BOGART MODA &#8211; AV. CANTABRIA 12<\/li><li>CORTINAJES LA CONDESA &#8211; C\/ ANDALUC\u00cdA 4<\/li><li>DEPORTES IGLESIAS &#8211; C\/ HERMANOS SALAS 14<\/li><li>DOBLEMENTE GUAPA &#8211; AV. CANTABRIA S\/N<\/li><li>\u00c9RASE UNA VEZ MODA INFANTIL &#8211; C\/ LA PAZ<\/li><li>L&#8217;ATELIER ARREGLOS DE MODA &#8211; C\/ ALC\u00c1ZAR DE TOLEDO 9<\/li><li>LAURETTA MODA &#8211; AV. CANTABRIA S\/N<\/li><li>LENCER\u00cdA MERCER\u00cdA VERO &#8211; C\/ ARAG\u00d3N S\/N<\/li><li>MERCER\u00cdA LENCER\u00cdA RUB\u00cdN DE CELIS &#8211; PLZ. LA PONTANILLA 2<\/li><li>MODA INFANTIL DUENDES &#8211; C\/ HERMANOS SALAS 1<\/li><li>MODA INFANTIL JULI &#8211; C\/ HERMANOS SALAS 14<\/li><li>MOKA MODA &#8211; AV. ESPA\u00d1A 1<\/li><li>SOLETE MODA INFANTIL &#8211; C\/ ARAG\u00d3N 1A<\/li><li>TEJIDOS COS &#8211; AV. CANTABRIA S\/N<\/li><li>CORTINAJES Y TAPICER\u00cdAS LOS MANTEROS &#8211; C\/ MEN\u00c9NDEZ PELAYO 9<\/li><li>TUS BORDADOS &#8211; C\/ DIVISI\u00d3N AZUL S\/N<\/li><\/ul>\n\n\n\n<h3 class=\"wp-block-heading\">Noja<\/h3>\n\n\n\n<ul class=\"wp-block-list\"><li>ESPIRAL MODA Y REGALOS &#8211; C\/ MARQU\u00c9S DE VELASCO<\/li><li>LEYSA SPORT &#8211; B\u00ba EL MAZO 14<\/li><li>VIP-CLOSET &#8211; C\/ LOS NOGALES 1<\/li><\/ul>\n\n\n\n<h3 class=\"wp-block-heading\">Potes<\/h3>\n\n\n\n<ul class=\"wp-block-list\"><li>LA COQUETA &#8211; C\/ SAN ROQUE 19<\/li><\/ul>\n\n\n\n<h3 class=\"wp-block-heading\">Reinosa<\/h3>\n\n\n\n<ul class=\"wp-block-list\"><li>ANDREA HERBOSA &#8211; AV. PUENTE CARLOS III 2<\/li><li>ANGELOTES Y DANIELAS &#8211; C\/ MAYOR 22<\/li><li>ARTECOSAS &#8211; C\/ MAYOR 24<\/li><li>BD REINOSA &#8211; AV. PUENTE CARLOS III 17<\/li><li>BISTT &#8211; AV. PUENTE CARLOS III 50<\/li><li>BOGART MODA &#8211; PLZ. ESPA\u00d1A 1<\/li><li>CALA &#8211; AV. PUENTE CARLOS III 43<\/li><li>CALZADOS PIMIANGO &#8211; C\/ MAYOR 14<\/li><li>COOP.SAN SEBASTIAN &#8211; C\/ RONDA 5<\/li><li>EMMA RUIZ &#8211; AV. PUENTE CARLOS III 5<\/li><li>GABARRY REGALOS &#8211; AV. PUENTE CARLOS III 51<\/li><li>KOKOLISO &#8211; AV. PUENTE CARLOS III 43<\/li><li>LA CASA DE LAS LANAS &#8211; C\/ VIDRIERAS 1<\/li><li>LA CASA DE LAS MEDIAS &#8211; AV. PUENTE CARLOS III, 10<\/li><li>MODAS \u00c1NGELES FERN\u00c1NDEZ &#8211; AV. PUENTE CARLOS III 52<\/li><li>QUERCUS &#8211; AV. PUENTE CARLOS III 5<\/li><li>REVITEX &#8211; AV. PUENTE CARLOS III 38<\/li><li>VAINILLA &#8211; C\/ LA NEVERA 2<\/li><li>VERDE AGUA &#8211; C\/ PELIGROS 2<\/li><li>ZAPATERIA CH\u00c1TARA &#8211; AV. PUENTE CARLOS III 18<\/li><li>ZAPATER\u00cdA NAYARA &#8211; C\/ SALTO 4<\/li><\/ul>\n\n\n\n<h3 class=\"wp-block-heading\">Santander<\/h3>\n\n\n\n<ul class=\"wp-block-list\"><li>ABRO\u00b4S &#8211; C\/ VARGAS, 57 BJ.<\/li><li>ALAMEDA MODA Y COMPLEMENTOS &#8211; C\/ NARCISO CUEVAS 7 <\/li><li>BARCEL\u00d3 &#8211; C\/ ISABEL II 19<\/li><li>CADENETA &#8211; C\/ FLORANES 50<\/li><li>CAROT &#8211; C\/ DA\u00d3IZ Y VELARDE, 29<\/li><li>CARTAGO COMPLEMENTOS &#8211; C\/ FLORANES, 27<\/li><li>CLOE &#8211; C\/ CAMILO ALONSO VEGA 10<\/li><li>CONFECCIONES ESPA\u00d1A &#8211; C\/ FLORANES, 60<\/li><li>CORSETER\u00cdA AMADA LOIS &#8211; C\/ RUBIO, 11<\/li><li>CORSETERIA ESTHER &#8211; C\/ JERONIMO SAINZ DE LA MAZA 5<\/li><li>CROSS &#8211; C\/ LEALTAD 6<\/li><li>CRUSOLE &#8211; C\/ JER\u00d3NIMO SAINZ DE LA MAZA, 1<\/li><li>DEPORTES SAPPORO &#8211; C\/ CAMILO ALONSO VEGA, 12<\/li><li>EL AJUAR DE LA NOVIA Y DEL BEBE &#8211; C\/ CAMILO ALONSO VEGA, 1<\/li><li>EL AJUAR DE LA NOVIA Y DEL BEBE &#8211; C\/ RUALASAL 7<\/li><li>ELISA MODA &#8211; C\/ SAN FERNANDO 16<\/li><li>IDENTY &amp; CO &#8211; C\/ EMILIO PINO, 1<\/li><li>IDENTY &amp; CO &#8211; C\/ JES\u00daS DE MONASTERIO, 2<\/li><li>LA NOVEDAD &#8211; C\/ ATAULFO ARGENTA, 2<\/li><li>LOLA M\u00c9NDEZ SANTANDER &#8211; C\/ FLORANES 47<\/li><li>MAJOSS &#8211; C\/ LABARO, 3<\/li><li>MAWIKITO &#8211; AVDA DE VALDECILLA, 23<\/li><li>OLGA COSTAS PELUQUERIA Y MODA &#8211; C\/ SAN PEDRO DEL MAR N\u00ba6A<\/li><li>OSADA MODA &#8211; C\/ RUALASAL 9<\/li><li>PARAG\u00dcERIA NI\u00c1GARA &#8211; C\/ CERVANTES 3<\/li><li>PAZ G\u00d3MEZ MODA FLAMENCA &#8211; C\/ SAN FERNANDO 72 INTERIOR<\/li><li>REGATE SPORT &#8211; C\/ CALDER\u00d3N DE LA BARCA 15<\/li><li>ROXY SANTANDER &#8211; C\/ C\u00c1DIZ 10 BAJO<\/li><li>TEJIDOS EL SECRETO &#8211; C\/ ZANCAJO OSORIO 5<\/li><li>TENDIDO SANTANDER &#8211; C\/ LEALTAD 22<\/li><li>VIA CONDOTTI &#8211; C\/ RUALASAL 19<\/li><\/ul>\n\n\n\n<h3 class=\"wp-block-heading\">Sar\u00f3n<\/h3>\n\n\n\n<ul class=\"wp-block-list\"><li>MQM &#8211; M\u00c1S QUE MODA &#8211; C\/ CASINO 3<\/li><\/ul>\n\n\n\n<h3 class=\"wp-block-heading\">Santo\u00f1a<\/h3>\n\n\n\n<ul class=\"wp-block-list\"><li>BIANCO MENSWEAR &#8211; C\/MARQU\u00c9S DE ROBRERO 15<\/li><li>COKOLA BOUTIQUE &#8211; C\/ CERVANTES 21<\/li><li>LAS DOS RAMPAS &#8211; C\/ GENERAL SALINAS 2<\/li><li>LOS P\u00cdCAROS &#8211; C\/ SERNA OCCINA 7<\/li><li>MERCER\u00cdA JOSMAR &#8211; C\/ SERNA OCCINA 10<\/li><li>RANERO &#8211; C\/ ALFONSO XII 11<\/li><li>WAT SAY SURF SHOP &#8211; PLZ. DE LA CONCORDIA 4<\/li><\/ul>\n\n\n\n<h3 class=\"wp-block-heading\">Selaya<\/h3>\n\n\n\n<ul class=\"wp-block-list\"><li>NAMAST\u00c9 &#8211; C\/ RUIZ DE ALDA 5<\/li><li>VIRGINIA MODA &#8211; B\u00ba CONSTANCIA 1<\/li><\/ul>\n\n\n\n<h3 class=\"wp-block-heading\">Solares<\/h3>\n\n\n\n<ul class=\"wp-block-list\"><li>BOUTIQUE MARI CARMEN &#8211; AV. CALVO SOTELO 11<\/li><li>CONFECCIONES ISABEL &#8211; URB. RIO MIERA 2<\/li><li>GOYCA MODA Y COMPLEMENTOS &#8211; AV. DE OVIEDO 11<\/li><li>LENCER\u00cdA CRIS\u00c1N &#8211; C\/ CALVO SOTELO 34<\/li><li>LOOK &#8211; C\/ CALVO SOTELO 26<\/li><li>ME&amp;CO &#8211; AV. OVIEDO 11<\/li><li>MENTA &#8211; AV. SANTANDER 8<\/li><li>MERCER\u00cdA LENCER\u00cdA GEVIS &#8211; C\/ CONSTITUCI\u00d3N S\/N<\/li><li>MODA JOVEN TJ &#8211; C\/ CALVO SOTELO 12<\/li><li>MQM &#8211; MAS QUE MODA &#8211; C\/ EMILIO MAZA CIFRI\u00c1N 2<\/li><li>TJ CALZADO Y COMPLEMENTOS &#8211; C\/ CALVO SOTELO 4<\/li><li>VOLVORETTA &#8211; C\/ CALVO SOTELO 36<\/li><\/ul>\n\n\n\n<h3 class=\"wp-block-heading\">Torrelavega<\/h3>\n\n\n\n<ul class=\"wp-block-list\"><li>\u00cdNDIGO &#8211; C\/ JOAQU\u00cdN HOYOS 4<\/li><li>STEFANO &#8211; C\/ VALLE DE LI\u00c9BANA 6<\/li><\/ul>\n","protected":false},"excerpt":{"rendered":"<p>Bases y establecimientos participantes en la campa\u00f1a de promoci\u00f3n comercial \u00abLa Compra M\u00e1gica\u00bb, en la que se sortear\u00e1n 5 premios de 600\u20ac en vales de compra.<\/p>\n","protected":false},"author":2,"featured_media":1237,"comment_status":"closed","ping_status":"closed","sticky":false,"template":"","format":"standard","meta":{"_acf_changed":false,"_monsterinsights_skip_tracking":false,"_monsterinsights_sitenote_active":false,"_monsterinsights_sitenote_note":"","_monsterinsights_sitenote_category":0,"footnotes":""},"categories":[10],"tags":[11,19],"class_list":["post-1226","post","type-post","status-publish","format-standard","has-post-thumbnail","hentry","category-bases","tag-bases","tag-campana"],"acf":[],"_links":{"self":[{"href":"https:\/\/coercan.net\/index.php?rest_route=\/wp\/v2\/posts\/1226","targetHints":{"allow":["GET"]}}],"collection":[{"href":"https:\/\/coercan.net\/index.php?rest_route=\/wp\/v2\/posts"}],"about":[{"href":"https:\/\/coercan.net\/index.php?rest_route=\/wp\/v2\/types\/post"}],"author":[{"embeddable":true,"href":"https:\/\/coercan.net\/index.php?rest_route=\/wp\/v2\/users\/2"}],"replies":[{"embeddable":true,"href":"https:\/\/coercan.net\/index.php?rest_route=%2Fwp%2Fv2%2Fcomments&post=1226"}],"version-history":[{"count":13,"href":"https:\/\/coercan.net\/index.php?rest_route=\/wp\/v2\/posts\/1226\/revisions"}],"predecessor-version":[{"id":1244,"href":"https:\/\/coercan.net\/index.php?rest_route=\/wp\/v2\/posts\/1226\/revisions\/1244"}],"wp:featuredmedia":[{"embeddable":true,"href":"https:\/\/coercan.net\/index.php?rest_route=\/wp\/v2\/media\/1237"}],"wp:attachment":[{"href":"https:\/\/coercan.net\/index.php?rest_route=%2Fwp%2Fv2%2Fmedia&parent=1226"}],"wp:term":[{"taxonomy":"category","embeddable":true,"href":"https:\/\/coercan.net\/index.php?rest_route=%2Fwp%2Fv2%2Fcategories&post=1226"},{"taxonomy":"post_tag","embeddable":true,"href":"https:\/\/coercan.net\/index.php?rest_route=%2Fwp%2Fv2%2Ftags&post=1226"}],"curies":[{"name":"wp","href":"https:\/\/api.w.org\/{rel}","templated":true}]}}