{"id":1256,"date":"2022-09-27T18:07:57","date_gmt":"2022-09-27T16:07:57","guid":{"rendered":"https:\/\/coercan.net\/?p=1256"},"modified":"2022-11-16T13:41:11","modified_gmt":"2022-11-16T12:41:11","slug":"coercan-asiste-al-spain-retail-congress","status":"publish","type":"post","link":"https:\/\/coercan.net\/?p=1256","title":{"rendered":"COERCAN asiste al Spain Retail Congress"},"content":{"rendered":"<div class=\"wp-block-image\">\n<figure class=\"aligncenter size-full is-resized\"><img fetchpriority=\"high\" decoding=\"async\" src=\"https:\/\/coercan.net\/wp-content\/uploads\/2022\/09\/SRC2.jpg\" alt=\"\" class=\"wp-image-1257\" width=\"512\" height=\"384\"\/><\/figure>\n<\/div>\n\n\n<p>La direcci\u00f3n general de Comercio y Consumo del Gobierno de Cantabria y la Federaci\u00f3n del Comercio de Cantabria-COERCAN, a trav\u00e9s de su directora general, Eva Bartolom\u00e9, y de su secretario general Gonzalo Cay\u00f3n, han sido invitados a participar en el Congreso Nacional del Comercio organizado por la Confederaci\u00f3n Espa\u00f1ola de Comercio-CEC que se est\u00e1 celebrando en Sevilla.<\/p>\n\n\n\n<p>El Congreso, en el que participan las principales organizaciones nacionales y regionales del sector comercial, ha sido inaugurado por el presidente de la CEC, Rafael Torres, y por el presidente de la CEOE, Antonio Garamendi adem\u00e1s de por diferentes representantes institucionales.<\/p>\n\n\n\n<h2 class=\"wp-block-heading\">PROGRAMA<\/h2>\n\n\n\n<p><strong>11:00 \u2013 11:45<\/strong><\/p>\n\n\n\n<p>APERTURA INSTITUCIONAL<\/p>\n\n\n\n<p>\u00b7 Concha de Santa Ana. Directora de la Fundaci\u00f3n Tres Culturas del Mediterr\u00e1neo<\/p>\n\n\n\n<p>\u00b7 Cecilia Ortiz Carrasco. Directora General de Comercio de la Consejer\u00eda de Empleo, Empresa y Trabajo Aut\u00f3nomo<\/p>\n\n\n\n<p>\u00b7 Rafael Torres. Presidente de CEC<\/p>\n\n\n\n<p>\u00b7 Antonio Garamendi. Presidente de CEOE<\/p>\n\n\n\n<p><strong>11:45 \u2013 12:30<\/strong><\/p>\n\n\n\n<p>MESA REDONDA: CASOS DE \u00c9XITO DEL COMERCIO DE PROXIMIDAD<\/p>\n\n\n\n<p>\u00b7 Ignacio Gaspar. Director General de \u00abToy Planet\u00bb<\/p>\n\n\n\n<p>\u00b7 Milagros Cabral. Empresaria y creadora de \u00abMariquita Trasquil\u00e1\u00bb<\/p>\n\n\n\n<p>\u00b7 Juan Foronda, Comercio hist\u00f3rico de Sevilla \u00abJuan Foronda\u00bb<\/p>\n\n\n\n<p><strong>12:30 \u2013 13:15<\/strong><\/p>\n\n\n\n<p>MESA REDONDA: COMERCIO EN FEMENINO<\/p>\n\n\n\n<p>\u00b7 Cristina Men\u00e9ndez. Directora General en CECOFERSA<\/p>\n\n\n\n<p>\u00b7 Rosa Navarro, Gerente de CODECO &#8211; MILAR<\/p>\n\n\n\n<p>\u00b7 Mar\u00eda S\u00e1nchez. Secretaria General de CEDECARNE<\/p>\n\n\n\n<p><strong>13:15 \u2013 14:00<\/strong><\/p>\n\n\n\n<p>MESA REDONDA: RETOS DEL COMERCIO<\/p>\n\n\n\n<p>\u00b7 Susana Pescador, Propietaria \u2018Alimentaci\u00f3n Estanco el Mol\u00edn\u2019<\/p>\n\n\n\n<p>\u00b7 Carlos Mor, empresario dedicado a la actividad del comercio servicios<\/p>\n\n\n\n<p>\u00b7 Elena Abello. Directora de TPVs Negocios y ecommerce de Banco Sabadell<\/p>\n\n\n\n<p>\u00b7 Antonio August\u00edn V\u00e1zquez. Delegado Territorial de Empleo, Empresa y Trabajo Aut\u00f3nomo en Sevilla<\/p>\n\n\n\n<p><strong>14:00\u00a0 -15:30<\/strong><\/p>\n\n\n\n<p>COCKTAIL<\/p>\n\n\n\n<p><strong>15:30 -16:30<\/strong><\/p>\n\n\n\n<p>COMERCIO X.0<\/p>\n\n\n\n<p>\u00b7 Juan Luis Moreno. CIO de \u00abThe Valley\u00bb<\/p>\n\n\n\n<p><strong>16:30 \u2013 17:15<\/strong><\/p>\n\n\n\n<p>ENTREGA DE PREMIOS CEC 2022<\/p>\n\n\n\n<p>\u00b7 Categor\u00edas: Innovaci\u00f3n, comercio rural, comercio urbano, sostenibilidad, comercio hist\u00f3rico y comercio del a\u00f1o.<\/p>\n\n\n\n<p><strong>17:15<\/strong><\/p>\n\n\n\n<p>CLAUSURA<\/p>\n\n\n\n<p>\u00b7 Rafael Torres, presidente de CEC \u00b7 Juan Francisco Mart\u00ednez, Director General de Pol\u00edtica Comercial del Ministerio de Industria, Comercio y Turismo<\/p>\n\n\n\n<figure class=\"wp-block-gallery has-nested-images columns-default is-cropped wp-block-gallery-1 is-layout-flex wp-block-gallery-is-layout-flex\">\n<figure class=\"wp-block-image size-large\"><img decoding=\"async\" width=\"768\" height=\"1024\" data-id=\"1258\" src=\"https:\/\/coercan.net\/wp-content\/uploads\/2022\/09\/SRC1.jpg\" alt=\"\" class=\"wp-image-1258\" srcset=\"https:\/\/coercan.net\/wp-content\/uploads\/2022\/09\/SRC1.jpg 768w, https:\/\/coercan.net\/wp-content\/uploads\/2022\/09\/SRC1-600x800.jpg 600w\" sizes=\"(max-width: 768px) 100vw, 768px\" \/><\/figure>\n\n\n\n<figure class=\"wp-block-image size-large\"><img decoding=\"async\" width=\"1024\" height=\"768\" data-id=\"1259\" src=\"https:\/\/coercan.net\/wp-content\/uploads\/2022\/09\/SRC3.jpg\" alt=\"\" class=\"wp-image-1259\" srcset=\"https:\/\/coercan.net\/wp-content\/uploads\/2022\/09\/SRC3.jpg 1024w, https:\/\/coercan.net\/wp-content\/uploads\/2022\/09\/SRC3-600x450.jpg 600w, https:\/\/coercan.net\/wp-content\/uploads\/2022\/09\/SRC3-768x576.jpg 768w\" sizes=\"(max-width: 1024px) 100vw, 1024px\" \/><\/figure>\n<\/figure>\n","protected":false},"excerpt":{"rendered":"<p>La direcci\u00f3n general de Comercio y Consumo del Gobierno de Cantabria y la Federaci\u00f3n del Comercio de Cantabria-COERCAN, a trav\u00e9s de su directora general, Eva Bartolom\u00e9, y de su secretario general Gonzalo Cay\u00f3n, han sido invitados a participar en el Congreso Nacional del Comercio organizado por la Confederaci\u00f3n Espa\u00f1ola de Comercio-CEC que se est\u00e1 celebrando [&hellip;]<\/p>\n","protected":false},"author":2,"featured_media":1257,"comment_status":"closed","ping_status":"closed","sticky":false,"template":"","format":"standard","meta":{"_acf_changed":false,"_monsterinsights_skip_tracking":false,"_monsterinsights_sitenote_active":false,"_monsterinsights_sitenote_note":"","_monsterinsights_sitenote_category":0,"footnotes":""},"categories":[2],"tags":[4],"class_list":["post-1256","post","type-post","status-publish","format-standard","has-post-thumbnail","hentry","category-noticias","tag-noticias"],"acf":[],"_links":{"self":[{"href":"https:\/\/coercan.net\/index.php?rest_route=\/wp\/v2\/posts\/1256","targetHints":{"allow":["GET"]}}],"collection":[{"href":"https:\/\/coercan.net\/index.php?rest_route=\/wp\/v2\/posts"}],"about":[{"href":"https:\/\/coercan.net\/index.php?rest_route=\/wp\/v2\/types\/post"}],"author":[{"embeddable":true,"href":"https:\/\/coercan.net\/index.php?rest_route=\/wp\/v2\/users\/2"}],"replies":[{"embeddable":true,"href":"https:\/\/coercan.net\/index.php?rest_route=%2Fwp%2Fv2%2Fcomments&post=1256"}],"version-history":[{"count":1,"href":"https:\/\/coercan.net\/index.php?rest_route=\/wp\/v2\/posts\/1256\/revisions"}],"predecessor-version":[{"id":1260,"href":"https:\/\/coercan.net\/index.php?rest_route=\/wp\/v2\/posts\/1256\/revisions\/1260"}],"wp:featuredmedia":[{"embeddable":true,"href":"https:\/\/coercan.net\/index.php?rest_route=\/wp\/v2\/media\/1257"}],"wp:attachment":[{"href":"https:\/\/coercan.net\/index.php?rest_route=%2Fwp%2Fv2%2Fmedia&parent=1256"}],"wp:term":[{"taxonomy":"category","embeddable":true,"href":"https:\/\/coercan.net\/index.php?rest_route=%2Fwp%2Fv2%2Fcategories&post=1256"},{"taxonomy":"post_tag","embeddable":true,"href":"https:\/\/coercan.net\/index.php?rest_route=%2Fwp%2Fv2%2Ftags&post=1256"}],"curies":[{"name":"wp","href":"https:\/\/api.w.org\/{rel}","templated":true}]}}