{"id":1269,"date":"2022-11-04T13:39:47","date_gmt":"2022-11-04T12:39:47","guid":{"rendered":"https:\/\/coercan.net\/?p=1269"},"modified":"2022-11-17T10:58:55","modified_gmt":"2022-11-17T09:58:55","slug":"ii-foro-del-comercio-de-cantabria","status":"publish","type":"post","link":"https:\/\/coercan.net\/?p=1269","title":{"rendered":"II Foro del Comercio de Cantabria"},"content":{"rendered":"<div class=\"wp-block-image\">\n<figure class=\"aligncenter size-large is-resized\"><img fetchpriority=\"high\" decoding=\"async\" src=\"https:\/\/coercan.net\/wp-content\/uploads\/2022\/11\/Cartel-Foro-Comercio-724x1024.jpg\" alt=\"\" class=\"wp-image-1270\" width=\"543\" height=\"768\"\/><\/figure>\n<\/div>\n\n\n<h2 class=\"wp-block-heading\">Programa<\/h2>\n\n\n\n<ul class=\"wp-block-list\">\n<li>08:45: Acreditaciones de los asistentes<\/li>\n\n\n\n<li><strong>09:00 &#8211; 09:30 Inauguraci\u00f3n<\/strong>\n<ul class=\"wp-block-list\">\n<li>Francisco Javier L\u00f3pez Marcano, consejero de Industria, Turismo, Innovaci\u00f3n, Transporte y Comercio del Gobierno de Cantabria<\/li>\n\n\n\n<li>Gema Igual, Alcaldesa de Santander<\/li>\n\n\n\n<li>Juan Francisco Mart\u00ednez Garc\u00eda, director general de Pol\u00edtica Comercial del Ministerio de Industria, Turismo y Comercio del Gobierno de Espa\u00f1a<\/li>\n\n\n\n<li>Rafael Torres, presidente de la Confederaci\u00f3n Espa\u00f1ola de Comercio-CEC<\/li>\n\n\n\n<li>Miguel Angel Cuerno, presidente de la Federaci\u00f3n del comercio de Cantabria, COERCAN<\/li>\n<\/ul>\n<\/li>\n\n\n\n<li><strong>09:30 &#8211; 10:15 Mesa 1: El futuro del comercio, ejemplos de \u00e9xito<\/strong>\n<ul class=\"wp-block-list\">\n<li><em>Nuevo concepto de comercio<\/em>: Nieves Fern\u00e1ndez, propietaria de La Central<\/li>\n\n\n\n<li><em>El \u00e9xito de la gastronom\u00eda local<\/em>: Amparo Salm\u00f3n Garc\u00eda de los Salmones, co-fundadora y co-propietaria de La Ermita Delicatessen<\/li>\n\n\n\n<li><em>Farmacia on line<\/em>: Jorge Pel\u00e1ez, CEO de Farma2Go<\/li>\n<\/ul>\n<\/li>\n\n\n\n<li><strong>10:15 &#8211; 11:00 Mesa 2: Modernizaci\u00f3n y oportunidades<\/strong>\n<ul class=\"wp-block-list\">\n<li><em>Proyectos municipales para renovaci\u00f3n de \u00e1reas comerciales<\/em>: Jos\u00e9 Miguel Barrio, alcalde del Ayuntamiento de Reinosa<\/li>\n\n\n\n<li><em>Inversi\u00f3n en tecnolog\u00eda<\/em>. &nbsp;Rafael Labat, gerente de \u00d3ptica Cantabria (Cabez\u00f3n de la Sal)<\/li>\n\n\n\n<li><em>El reto de la eficiencia energ\u00e9tica<\/em>: Rub\u00e9n de Santiago, director institucional de Carrefour &nbsp;Cantabria<\/li>\n<\/ul>\n<\/li>\n\n\n\n<li><strong>11:00 &#8211; 11:30 Pausa Caf\u00e9<\/strong><\/li>\n\n\n\n<li><strong>11:30: 12:15 Mesa 3: \u00bfComercios versus consumidores? Una alianza necesaria<\/strong>\n<ul class=\"wp-block-list\">\n<li><em>Ventajas de la resoluci\u00f3n extrajudicial de conflictos. El arbitraje.<\/em> Jorge Tomillo, Catedr\u00e1tico de Derecho Mercantil y presidente de la Junta Arbitral de&nbsp;Consumo de Cantabria<\/li>\n\n\n\n<li><em>Lucha contra el fraude y la competencia desleal.<\/em> Francisco Javier Arag\u00f3n, teniente de la Guardia Civil. Comandancia de Santander.<\/li>\n\n\n\n<li><em>Labor de las OMIC<\/em>. Sonia Soblechero, Presidenta de ASODECO, Asociaci\u00f3n para la Defensa de los Consumidores<\/li>\n<\/ul>\n<\/li>\n\n\n\n<li><strong>12:15 &#8211; 13:00 Mesa 4:<\/strong><strong>Log\u00edstica e internacionalizaci\u00f3n<\/strong>\n<ul class=\"wp-block-list\">\n<li><em>Nuevas necesidades log\u00edsticas<\/em>: Iv\u00e1n Maroto L\u00f3pez, director de Correos Market<\/li>\n\n\n\n<li><em>Impulso de la internacionalizaci\u00f3n<\/em>: Raquel Manzanares, directora de Prospecci\u00f3n de Nuevos Mercados e Internacionalizaci\u00f3n de Sodercan<\/li>\n\n\n\n<li><em>Balanza comercial de Cantabria<\/em>: Manuel Blanco, Delegado del ICEX, Comercio Exterior Cantabria<\/li>\n<\/ul>\n<\/li>\n\n\n\n<li><strong>13:00 Clausura y cocktail<\/strong><\/li>\n<\/ul>\n\n\n\n<div style=\"height:100px\" aria-hidden=\"true\" class=\"wp-block-spacer\"><\/div>\n\n\n\n<div class=\"wp-block-buttons is-layout-flex wp-block-buttons-is-layout-flex\">\n<div class=\"wp-block-button aligncenter\"><a class=\"wp-block-button__link wp-element-button\" href=\"https:\/\/coercan.net\/wp-content\/uploads\/2022\/11\/programa_foro_comercio.pdf\">Descarga programa (PDF)<\/a><\/div>\n<\/div>\n","protected":false},"excerpt":{"rendered":"<p>Programa<\/p>\n","protected":false},"author":2,"featured_media":1276,"comment_status":"closed","ping_status":"closed","sticky":false,"template":"","format":"standard","meta":{"_acf_changed":false,"_monsterinsights_skip_tracking":false,"_monsterinsights_sitenote_active":false,"_monsterinsights_sitenote_note":"","_monsterinsights_sitenote_category":0,"footnotes":""},"categories":[2],"tags":[],"class_list":["post-1269","post","type-post","status-publish","format-standard","has-post-thumbnail","hentry","category-noticias"],"acf":[],"_links":{"self":[{"href":"https:\/\/coercan.net\/index.php?rest_route=\/wp\/v2\/posts\/1269","targetHints":{"allow":["GET"]}}],"collection":[{"href":"https:\/\/coercan.net\/index.php?rest_route=\/wp\/v2\/posts"}],"about":[{"href":"https:\/\/coercan.net\/index.php?rest_route=\/wp\/v2\/types\/post"}],"author":[{"embeddable":true,"href":"https:\/\/coercan.net\/index.php?rest_route=\/wp\/v2\/users\/2"}],"replies":[{"embeddable":true,"href":"https:\/\/coercan.net\/index.php?rest_route=%2Fwp%2Fv2%2Fcomments&post=1269"}],"version-history":[{"count":3,"href":"https:\/\/coercan.net\/index.php?rest_route=\/wp\/v2\/posts\/1269\/revisions"}],"predecessor-version":[{"id":3101,"href":"https:\/\/coercan.net\/index.php?rest_route=\/wp\/v2\/posts\/1269\/revisions\/3101"}],"wp:featuredmedia":[{"embeddable":true,"href":"https:\/\/coercan.net\/index.php?rest_route=\/wp\/v2\/media\/1276"}],"wp:attachment":[{"href":"https:\/\/coercan.net\/index.php?rest_route=%2Fwp%2Fv2%2Fmedia&parent=1269"}],"wp:term":[{"taxonomy":"category","embeddable":true,"href":"https:\/\/coercan.net\/index.php?rest_route=%2Fwp%2Fv2%2Fcategories&post=1269"},{"taxonomy":"post_tag","embeddable":true,"href":"https:\/\/coercan.net\/index.php?rest_route=%2Fwp%2Fv2%2Ftags&post=1269"}],"curies":[{"name":"wp","href":"https:\/\/api.w.org\/{rel}","templated":true}]}}