{"id":3228,"date":"2022-12-12T10:06:02","date_gmt":"2022-12-12T09:06:02","guid":{"rendered":"https:\/\/coercan.net\/?p=3228"},"modified":"2022-12-19T19:16:06","modified_gmt":"2022-12-19T18:16:06","slug":"establecimientos-participantes-45-concurso-de-escaparates-de-santander","status":"publish","type":"post","link":"https:\/\/coercan.net\/?p=3228","title":{"rendered":"Establecimientos participantes 45 Concurso de Escaparates de Santander"},"content":{"rendered":"\n<figure class=\"wp-block-image size-large is-resized\"><img fetchpriority=\"high\" decoding=\"async\" src=\"https:\/\/coercan.net\/wp-content\/uploads\/2022\/12\/ESCAPARATES2022-1024x724.jpg\" alt=\"Concurso de Escaparates de Santander\" class=\"wp-image-3202\" width=\"1024\" height=\"724\" srcset=\"https:\/\/coercan.net\/wp-content\/uploads\/2022\/12\/ESCAPARATES2022-1024x724.jpg 1024w, https:\/\/coercan.net\/wp-content\/uploads\/2022\/12\/ESCAPARATES2022-768x543.jpg 768w\" sizes=\"(max-width: 1024px) 100vw, 1024px\" \/><\/figure>\n\n\n\n<p><\/p>\n\n\n\n<p>Relaci\u00f3n de establecimientos participantes en la 45 edici\u00f3n del Concurso de Escaparates de Santander, organizado por COERCAN con la colaboraci\u00f3n de la Consejer\u00eda de Industria, Turismo, Innovaci\u00f3n, Transporte y Comercio del Gobierno de Cantabria, el Ayuntamiento de Santander y la Asociaci\u00f3n de Comerciantes de Santander &#8211; ACEAS.<\/p>\n\n\n\n<p><\/p>\n\n\n\n<ul class=\"wp-block-list\">\n<li><strong>3er Tiempo Tienda de Cervezas<\/strong> &#8211; Plaza de la Esperanza 6<\/li>\n\n\n\n<li><strong>A tu estilo<\/strong> &#8211; C\/ De los Abedules N\u00ba 10<\/li>\n\n\n\n<li><strong>Alameda Moda<\/strong> &#8211; C\/ Narciso Cuevas 7<\/li>\n\n\n\n<li><strong>Alimentaci\u00f3n Diferente<\/strong> &#8211; C\/ Joaqu\u00edn Costa 28<\/li>\n\n\n\n<li><strong>Alimentaci\u00f3n Diferente<\/strong> &#8211; C\/ Vargas 55<\/li>\n\n\n\n<li><strong>Almacen de vinos La Cascada<\/strong> &#8211; C\/ Joaquin Bustamante 14 L 22<\/li>\n\n\n\n<li><strong>Almacenes Mariana<\/strong> &#8211; C\/ Camilo Alonso Vega 26<\/li>\n\n\n\n<li><strong>Alta Fotografia<\/strong> &#8211; C\/ Justicia 2<\/li>\n\n\n\n<li><strong>Andrew<\/strong> &#8211; C\/ Isabel II 30<\/li>\n\n\n\n<li><strong>Arreglos de ropa R&amp;T<\/strong>&nbsp;&#8211; C\/ Floranes 29&nbsp;<\/li>\n\n\n\n<li><strong>Arttex<\/strong> &#8211; C\/ Floranes 10 E<\/li>\n\n\n\n<li><strong>Best Estilistas (Peluquer\u00eda Lourdes G\u00f3mez)<\/strong> &#8211; C\/ Alonso 12<\/li>\n\n\n\n<li><strong>By Santamaria Moda y Complementos<\/strong> &#8211; C\/ Florida n\u00ba 1<\/li>\n\n\n\n<li><strong>Cadeneta<\/strong> &#8211; C\/ Floranes 50<\/li>\n\n\n\n<li><strong>Cala&#8217;s Floristas<\/strong> &#8211; C\/ Guevara 24<\/li>\n\n\n\n<li><strong>Calzados L\u00faa<\/strong> &#8211; C\/ Lealtad 20<\/li>\n\n\n\n<li><strong>Calzados Mcp<\/strong> &#8211; C\/ Ram\u00f3n Men\u00e9ndez Pidal 4 Bj. 3<\/li>\n\n\n\n<li><strong>Carmelo Hinojal Fotograf\u00eda Creativa<\/strong> &#8211; C\/ Cadiz 3 Entlo Izda \/ Rampa Sotileza<\/li>\n\n\n\n<li><strong>Carnes Miguel<\/strong> &#8211; C\/ San Fernando 42<\/li>\n\n\n\n<li><strong>Carot<\/strong> &#8211; C\/ Da\u00f3iz y Velarde, 29<\/li>\n\n\n\n<li><strong>Cartago<\/strong> &#8211; C\/ Floranes 27<\/li>\n\n\n\n<li><strong>Centro Auditivo Clinico OYE +<\/strong> &#8211; C\/ Burgos 6<\/li>\n\n\n\n<li><strong>Charcuter\u00eda Carnicer\u00eda Manuel Alonso<\/strong> &#8211; C\/ General D\u00e1vila 314<\/li>\n\n\n\n<li><strong>Clinica Veterinaria Bahia<\/strong> &#8211; C\/ Antonio Lopez 18<\/li>\n\n\n\n<li><strong>Cloe <\/strong>&#8211; C\/ Camilo Alonso Vega 10<\/li>\n\n\n\n<li><strong>Cones Centro Auditivo<\/strong> &#8211; C\/ Castilla 47<\/li>\n\n\n\n<li><strong>Confecciones Espa\u00f1a<\/strong> &#8211; C\/ Floranes 60<\/li>\n\n\n\n<li><strong>Confecciones Labor<\/strong> &#8211; C\/ Daoiz y Velarde 3<\/li>\n\n\n\n<li><strong>Copysla<\/strong> &#8211; C\/ Vargas 7<\/li>\n\n\n\n<li><strong>Crios Infantil<\/strong> &#8211; C\/ Narciso Cuevas 7<\/li>\n\n\n\n<li><strong>Cross<\/strong> &#8211; C\/ Lealtad n\u00ba 6<\/li>\n\n\n\n<li><strong>Crusole<\/strong> &#8211; C\/ Jer\u00f3nimo S\u00e1inz de la Maza 1-3<\/li>\n\n\n\n<li><strong>C-system<\/strong> &#8211; C\/ Vargas 57 E<\/li>\n\n\n\n<li><strong>Cuarzo Santander<\/strong> &#8211; C\/ Francisco de Quevedo 11 Bajo<\/li>\n\n\n\n<li><strong>Defoto <\/strong>\u2013 C\/ Ruiz Zorrilla 16 bajo<\/li>\n\n\n\n<li><strong>Del Rosa al Amarillo<\/strong> &#8211; C\/ Hernan Cortes 45<\/li>\n\n\n\n<li><strong>Detalles Yolanda Celis<\/strong> &#8211; C\/ Marques de la Hermida 44<\/li>\n\n\n\n<li><strong>Dinast\u00eda Peluqueras<\/strong> &#8211; C\/ Mies del Valle 2<\/li>\n\n\n\n<li><strong>Do\u00f1a Tomasa<\/strong> &#8211; C\/ Hernan Cort\u00e9s 37<\/li>\n\n\n\n<li><strong>El Ajuar de la Novia y del Bebe<\/strong> &#8211; C\/ Camilo Alonso Vega 1<\/li>\n\n\n\n<li><strong>El Detalle Perfecto <\/strong>&#8211; C\/ Alta 115<\/li>\n\n\n\n<li><strong>El Rincon de Nicole<\/strong> &#8211; C\/ Ruamayor 2<\/li>\n\n\n\n<li><strong>Elisa Moda<\/strong> &#8211; C\/ San Fernando 16<\/li>\n\n\n\n<li><strong>Enmarcaciones Sorto<\/strong> &#8211; C\/ Lope de Vega 28<\/li>\n\n\n\n<li><strong>Entr3Olivos<\/strong> &#8211; C\/ Rualasal 11<\/li>\n\n\n\n<li><strong>Est\u00e9tica Inma Mart\u00ednez<\/strong> &#8211; C\/ Jos\u00e9 Sim\u00f3n Cabarga 8E<\/li>\n\n\n\n<li><strong>Est\u00e9tica Sublime<\/strong> &#8211; C\/ San Pedro del Mar 6<\/li>\n\n\n\n<li><strong>Estudio de Manualidades Monika Huerga<\/strong> &#8211; C\/ Repuente 13 n\u00ba 12 Bajo Izda<\/li>\n\n\n\n<li><strong>Expoconfort<\/strong> &#8211; C\/ Santa Luc\u00eda 45<\/li>\n\n\n\n<li><strong>Flores Lucrecia<\/strong> &#8211; C\/ Vargas 57<\/li>\n\n\n\n<li><strong>Florister\u00eda Hortensia<\/strong> &#8211; C\/ Albericia 19<\/li>\n\n\n\n<li><strong>Guante Varad\u00e9<\/strong> &#8211; C\/ Ataulfo Argenta 8 Bajo<\/li>\n\n\n\n<li><strong>Guarder\u00eda Color\u00edn Colorado<\/strong> &#8211; C\/ Jos\u00e9 Sim\u00f3n Cabarga 8E<\/li>\n\n\n\n<li><strong>Herbolario Laurel<\/strong> &#8211; C\/ Vargas 15<\/li>\n\n\n\n<li><strong>Identy&amp;Co<\/strong> &#8211; C\/ Emilio Pino, 1<\/li>\n\n\n\n<li><strong>Identy&amp;Co<\/strong> &#8211; C\/ Jesus de Monasterio, 2<\/li>\n\n\n\n<li><strong>Imaginarium <\/strong>&#8211; C\/ Lealtad 22<\/li>\n\n\n\n<li><strong>Islacan <\/strong>&#8211; C\/ Floranes 29<\/li>\n\n\n\n<li><strong>Ivana Moda Infantil<\/strong> &#8211; C\/ Fernando de los R\u00edos 38<\/li>\n\n\n\n<li><strong>Jugueter\u00eda Tiovivo<\/strong> &#8211; C\/ General Davila 206<\/li>\n\n\n\n<li><strong>Jungla <\/strong>&#8211; C\/ Calderon de la Barca 4<\/li>\n\n\n\n<li><strong>Kiosko Oky<\/strong> &#8211; C\/ San Mart\u00edn del Pino 23<\/li>\n\n\n\n<li><strong>Komosy <\/strong>&#8211; C\/ San Francisco 21<\/li>\n\n\n\n<li><strong>La Diva XXL<\/strong> &#8211; C\/ Jeronimo Sainz de la Maza 4<\/li>\n\n\n\n<li><strong>La Novedad Confeccion de Caballero<\/strong> &#8211; C\/ Ataulfo Argenta 2<\/li>\n\n\n\n<li><strong>La Osita<\/strong> &#8211; C\/ Mendez Nu\u00f1ez 9<\/li>\n\n\n\n<li><strong>Lamoi Atelier<\/strong> &#8211; C\/ San Jose 22<\/li>\n\n\n\n<li><strong>Las Floristas<\/strong> &#8211; Plaza Los Remedios 2<\/li>\n\n\n\n<li><strong>Lastra <\/strong>&#8211; C\/ Isabel II 12<\/li>\n\n\n\n<li><strong>Lencer\u00eda Perfumer\u00eda Majoss<\/strong> &#8211; C\/ L\u00e1baro 3<\/li>\n\n\n\n<li><strong>Lenceria Saten<\/strong> &#8211; C\/ Rualasal n\u00ba 3<\/li>\n\n\n\n<li><strong>Librer\u00eda Ediciones Tant\u00edn<\/strong> &#8211; C\/ Camilo Alonso Vega 10<\/li>\n\n\n\n<li><strong>Los Secretos de Mam\u00e1<\/strong> &#8211; C\/ Alonso 5<\/li>\n\n\n\n<li><strong>Luna Organic<\/strong> &#8211; C\/ Cervantes 13<\/li>\n\n\n\n<li><strong>Macniacos<\/strong> &#8211; C\/ C\u00e1diz 10<\/li>\n\n\n\n<li><strong>Mawikito <\/strong>&#8211; Av. Valdecilla 23<\/li>\n\n\n\n<li><strong>Natural Santander<\/strong> &#8211; C\/ Ruiz Zorrilla 9<\/li>\n\n\n\n<li><strong>Olga Costas Peluqueria<\/strong> &#8211; C\/ San Pedro del Mar 6 A<\/li>\n\n\n\n<li><strong>Optica Sur<\/strong> &#8211; C\/ San Jos\u00e9 20<\/li>\n\n\n\n<li><strong>Osada Moda<\/strong> &#8211; C\/ Rualasal 9<\/li>\n\n\n\n<li><strong>Parag\u00fceria Niagara<\/strong> &#8211; C\/ Cervantes 3<\/li>\n\n\n\n<li><strong>Parcu <\/strong>&#8211; C\/ San Emeterio 7<\/li>\n\n\n\n<li><strong>Paz G\u00f3mez Moda Flamenca<\/strong> &#8211; C\/ San Fernando 72 interior<\/li>\n\n\n\n<li><strong>Peluqueria Carmen Mart\u00edn<\/strong> &#8211; C\/ Floranes 29 Bajo<\/li>\n\n\n\n<li><strong>Peluqueria Nuria Pando<\/strong> &#8211; C\/ Alfereces Provisionales 5<\/li>\n\n\n\n<li><strong>Peluqueria Pilar Morat\u00f3n<\/strong> &#8211; C\/ Fernando de los Rios 13<\/li>\n\n\n\n<li><strong>Peluqueria Pilar Santamaria<\/strong> &#8211; C\/ Vargas 59<\/li>\n\n\n\n<li><strong>Peluqueria Piu Bella<\/strong> &#8211; C\/ Hern\u00e1n Cort\u00e9s 12<\/li>\n\n\n\n<li><strong>Peluqueria Reyna<\/strong> &#8211; C\/ Floranes 50<\/li>\n\n\n\n<li><strong>Peluquer\u00eda Sylvia Fernandez<\/strong> &#8211; C\/ Isaac Peral n\u00ba 34<\/li>\n\n\n\n<li><strong>Peluquer\u00eda Wonder<\/strong> &#8211; C\/ Isabel II, 8<\/li>\n\n\n\n<li><strong>Peluquer\u00eda y Est\u00e9tica Karla Alonso<\/strong> &#8211; C\/ Castilla 67<\/li>\n\n\n\n<li><strong>Peluquer\u00eda Yoan <\/strong>\u2013 C\/ San Luis 3<\/li>\n\n\n\n<li><strong>Perfumer\u00eda Villafranca <\/strong>&#8211; C\/ San Fernando 44<\/li>\n\n\n\n<li><strong>Perfumer\u00eda Villafranca <\/strong>&#8211; C\/ San Francisco 25<\/li>\n\n\n\n<li><strong>Perfumhada<\/strong> &#8211; C\/ Castilla 23<\/li>\n\n\n\n<li><strong>Pickin&#8217; Pack<\/strong> &#8211; C\/ Floranes 23<\/li>\n\n\n\n<li><strong>Pili&amp;Mili<\/strong> &#8211; C\/ San Luis 8 Bajo Izda<\/li>\n\n\n\n<li><strong>Puerelec <\/strong>&#8211; C\/ Castilla 23<\/li>\n\n\n\n<li><strong>Regate Sport<\/strong> &#8211; C\/ Calder\u00f3n de La Barca 15<\/li>\n\n\n\n<li><strong>Regma <\/strong>&#8211; C\/ Amos de Escalante n\u00ba 10<\/li>\n\n\n\n<li><strong>Rosana Herbodietetica<\/strong> &#8211; C\/ General Davila 240<\/li>\n\n\n\n<li><strong>Roxy <\/strong>&#8211; C\/ C\u00e1diz 10<\/li>\n\n\n\n<li><strong>Sal\u00f3n 21<\/strong> &#8211; C\/ Guevara 21<\/li>\n\n\n\n<li><strong>Sapporo <\/strong>&#8211; C\/ Camilo Alonso Vega n\u00ba 12<\/li>\n\n\n\n<li><strong>Seguros Generali<\/strong> &#8211; C\/ Tres de Noviembre 34<\/li>\n\n\n\n<li><strong>SFC Servicios Fotogr\u00e1ficos C\u00e1ntabros<\/strong> &#8211; C\/ C\u00e1diz 12<\/li>\n\n\n\n<li><strong>Sielen Estilistas<\/strong> &#8211; C\/ San Jos\u00e9 16<\/li>\n\n\n\n<li><strong>Sion Peluqueros<\/strong> &#8211; C\/ Luis Hoyos Sainz 4<\/li>\n\n\n\n<li><strong>SIRPrint Santander<\/strong> &#8211; C\/ Alta 109<\/li>\n\n\n\n<li><strong>Solo las Puntas by Lorena Cano<\/strong> &#8211; C\/ Camilo Alonso Vega 1<\/li>\n\n\n\n<li><strong>Subastas Poncho<\/strong> &#8211; C\/ Amos de Escalante 10<\/li>\n\n\n\n<li><strong>Tejidos El Secreto<\/strong> &#8211; C\/ Zancajo Osorio 5<\/li>\n\n\n\n<li><strong>Tienda Cosio<\/strong> &#8211; C\/ Vargas 43<\/li>\n\n\n\n<li><strong>Toni Barros Pasteler\u00eda<\/strong> &#8211; C\/ Rubio 1<\/li>\n\n\n\n<li><strong>Urban Box<\/strong> &#8211; Plaza Numancia 5<\/li>\n\n\n\n<li><strong>Via Condotti<\/strong> &#8211; C\/ Rualasal 19<\/li>\n\n\n\n<li><strong>Wit <\/strong>\u2013 C\/ General D\u00e1vila 58<\/li>\n\n\n\n<li><strong>Yowe<\/strong> &#8211; C\/ Castelar 29<\/li>\n\n\n\n<li><strong>Zubieta Fotograf\u00eda<\/strong> &#8211; C\/ Hern\u00e1n Cort\u00e9s 17<\/li>\n<\/ul>\n","protected":false},"excerpt":{"rendered":"<p>Relaci\u00f3n de establecimientos participantes en la 45 edici\u00f3n del Concurso de Escaparates de Santander, organizado por COERCAN con la colaboraci\u00f3n de la Consejer\u00eda de Industria, Turismo, Innovaci\u00f3n, Transporte y Comercio del Gobierno de Cantabria, el Ayuntamiento de Santander y la Asociaci\u00f3n de Comerciantes de Santander &#8211; ACEAS.<\/p>\n","protected":false},"author":2,"featured_media":3202,"comment_status":"closed","ping_status":"closed","sticky":false,"template":"","format":"standard","meta":{"_acf_changed":false,"_monsterinsights_skip_tracking":false,"_monsterinsights_sitenote_active":false,"_monsterinsights_sitenote_note":"","_monsterinsights_sitenote_category":0,"footnotes":""},"categories":[64],"tags":[21],"class_list":["post-3228","post","type-post","status-publish","format-standard","has-post-thumbnail","hentry","category-campanas","tag-concurso-escaparates"],"acf":[],"_links":{"self":[{"href":"https:\/\/coercan.net\/index.php?rest_route=\/wp\/v2\/posts\/3228","targetHints":{"allow":["GET"]}}],"collection":[{"href":"https:\/\/coercan.net\/index.php?rest_route=\/wp\/v2\/posts"}],"about":[{"href":"https:\/\/coercan.net\/index.php?rest_route=\/wp\/v2\/types\/post"}],"author":[{"embeddable":true,"href":"https:\/\/coercan.net\/index.php?rest_route=\/wp\/v2\/users\/2"}],"replies":[{"embeddable":true,"href":"https:\/\/coercan.net\/index.php?rest_route=%2Fwp%2Fv2%2Fcomments&post=3228"}],"version-history":[{"count":16,"href":"https:\/\/coercan.net\/index.php?rest_route=\/wp\/v2\/posts\/3228\/revisions"}],"predecessor-version":[{"id":3302,"href":"https:\/\/coercan.net\/index.php?rest_route=\/wp\/v2\/posts\/3228\/revisions\/3302"}],"wp:featuredmedia":[{"embeddable":true,"href":"https:\/\/coercan.net\/index.php?rest_route=\/wp\/v2\/media\/3202"}],"wp:attachment":[{"href":"https:\/\/coercan.net\/index.php?rest_route=%2Fwp%2Fv2%2Fmedia&parent=3228"}],"wp:term":[{"taxonomy":"category","embeddable":true,"href":"https:\/\/coercan.net\/index.php?rest_route=%2Fwp%2Fv2%2Fcategories&post=3228"},{"taxonomy":"post_tag","embeddable":true,"href":"https:\/\/coercan.net\/index.php?rest_route=%2Fwp%2Fv2%2Ftags&post=3228"}],"curies":[{"name":"wp","href":"https:\/\/api.w.org\/{rel}","templated":true}]}}