{"id":3418,"date":"2023-11-22T10:50:44","date_gmt":"2023-11-22T09:50:44","guid":{"rendered":"https:\/\/coercan.net\/?p=3418"},"modified":"2023-11-22T10:50:45","modified_gmt":"2023-11-22T09:50:45","slug":"el-black-friday-se-celebra-en-el-comercio-de-santander","status":"publish","type":"post","link":"https:\/\/coercan.net\/?p=3418","title":{"rendered":"El Black Friday se celebra en el comercio de Santander"},"content":{"rendered":"\t\t<div data-elementor-type=\"wp-post\" data-elementor-id=\"3418\" class=\"elementor elementor-3418\">\n\t\t\t\t\t\t<section class=\" elementor-section elementor-top-section elementor-element elementor-element-0910f0a elementor-section-boxed elementor-section-height-default elementor-section-height-default smart-sticky-default\" data-id=\"0910f0a\" data-element_type=\"section\">\r\n\t\t\t\t\t\t\t\t<div class=\"elementor-container elementor-column-gap-default\">\r\n\t\t\t\t\r\n\t\t\t\t\t\t\t\t<div class=\" elementor-column elementor-col-100 elementor-top-column elementor-element elementor-element-1207584 \" data-id=\"1207584\" data-element_type=\"column\">\r\n\r\n\t\t\t\t\r\n\t\t\t\t<div class=\"elementor-widget-wrap elementor-element-populated\">\r\n\t\t\t\t\t\t\t\t\t\t\r\n\t\t\t\t\t\t<div class=\"elementor-element elementor-element-28dc6cc elementor-widget elementor-widget-image\" data-id=\"28dc6cc\" data-element_type=\"widget\" data-widget_type=\"image.default\">\n\t\t\t\t<div class=\"elementor-widget-container\">\n\t\t\t\t\t\t\t\t\t\t\t\t\t\t\t<img fetchpriority=\"high\" decoding=\"async\" width=\"1024\" height=\"576\" src=\"https:\/\/coercan.net\/wp-content\/uploads\/2023\/11\/PresentacionBlackFriday-1024x576.jpg\" class=\"attachment-large size-large wp-image-3420\" alt=\"Rueda de prensa presentaci\u00f3n Black Friday\" srcset=\"https:\/\/coercan.net\/wp-content\/uploads\/2023\/11\/PresentacionBlackFriday-1024x576.jpg 1024w, https:\/\/coercan.net\/wp-content\/uploads\/2023\/11\/PresentacionBlackFriday-768x432.jpg 768w, https:\/\/coercan.net\/wp-content\/uploads\/2023\/11\/PresentacionBlackFriday-780x440.jpg 780w\" sizes=\"(max-width: 1024px) 100vw, 1024px\" \/>\t\t\t\t\t\t\t\t\t\t\t\t\t\t\t<\/div>\n\t\t\t\t<\/div>\n\t\t\t\t\t\t<\/div>\r\n\t\t\t\t<\/div>\r\n\t\t\t\t\t\t\t\t<\/div>\r\n\t\t\t<\/section>\r\n\t\t\t\t\t<section class=\" elementor-section elementor-top-section elementor-element elementor-element-7dceabe elementor-section-boxed elementor-section-height-default elementor-section-height-default smart-sticky-default\" data-id=\"7dceabe\" data-element_type=\"section\">\r\n\t\t\t\t\t\t\t\t<div class=\"elementor-container elementor-column-gap-default\">\r\n\t\t\t\t\r\n\t\t\t\t\t\t\t\t<div class=\" elementor-column elementor-col-100 elementor-top-column elementor-element elementor-element-dcc8c13 \" data-id=\"dcc8c13\" data-element_type=\"column\">\r\n\r\n\t\t\t\t\r\n\t\t\t\t<div class=\"elementor-widget-wrap elementor-element-populated\">\r\n\t\t\t\t\t\t\t\t\t\t\r\n\t\t\t\t\t\t<div class=\"elementor-element elementor-element-dd3d58a elementor-widget elementor-widget-text-editor\" data-id=\"dd3d58a\" data-element_type=\"widget\" data-widget_type=\"text-editor.default\">\n\t\t\t\t<div class=\"elementor-widget-container\">\n\t\t\t\t\t\t\t\t\t<p>Santander celebrar\u00e1 este fin de semana su propio \u2018Black Friday\u2019. Lo har\u00e1 a trav\u00e9s de una campa\u00f1a de promoci\u00f3n y dinamizaci\u00f3n comercial que incluir\u00e1 sorteos de lotes de productos y dos cestas.<\/p><p>As\u00ed lo ha anunciado el concejal del \u00e1rea, \u00c1lvaro Lav\u00edn, durante una rueda de prensa en la que ha estado acompa\u00f1ado del secretario general de COERCAN, Gonzalo Cay\u00f3n, y en la que ha dado los detalles de esta campa\u00f1a que est\u00e1 organizada por la Federaci\u00f3n del Comercio de Cantabria en colaboraci\u00f3n con el Ayuntamiento de Santander.<\/p><p>Tal y como ha concretado, la iniciativa se desarrollar\u00e1 durante este viernes 24 y s\u00e1bado 25 en los siguientes horarios: viernes de 11.00 a 14.00 por la ma\u00f1ana y de 17.30 a 20.30 por la tarde y el s\u00e1bado, de 11:00 a 14:00 horas.<\/p><p>Durante estos dos d\u00edas se habilitar\u00e1 una carpa en la calle Burgos en la que se llevar\u00e1n a cabo sorteos de diferentes lotes de productos, as\u00ed como de dos grandes cestas entre los clientes que all\u00ed acudan hasta all\u00ed con sus tickets.<\/p><p>\u201cEl Black Friday ha llegado a nuestras vidas para quedarse y se trata de una gran oportunidad para dinamizar la econom\u00eda, favorecer el consumo local y atraer a clientes a Santander\u201d, ha subrayado.<\/p><p>Podr\u00e1n participar en la campa\u00f1a aquellas personas, mayores de 18 a\u00f1os, que realicen alguna compra por valor igual o superior a 20 euros, durante esos dos d\u00edas en alguno de los establecimientos comerciales de Santander y presenten el ticket en la carpa habilitada para el desarrollo de la campa\u00f1a. Quedar\u00e1n excluidos de esta campa\u00f1a los tickets de supermercados o de establecimientos de hosteler\u00eda.<\/p><p>Los tickets que presenten los clientes deber\u00e1n tener los datos del establecimiento que las haya entregado y la fecha de realizaci\u00f3n de la compra, que deber\u00e1n ser viernes o s\u00e1bado.<\/p><p>Cada cliente que acuda a la carpa habilitada, adem\u00e1s, podr\u00e1 realizar una tirada a la ruleta de la suerte por cada ticket de 20 euros o superior que presente.<\/p><p>Una misma persona solamente podr\u00e1 obtener un lote de productos por d\u00eda, pudiendo rellenar cuantas papeletas se le asignen para el sorteo de la cesta en el caso de no obtener premio directo.<\/p><p>Los sorteos ser\u00e1n el viernes a las 20.30 horas y el s\u00e1bado a las 14:00 horas y una misma persona no podr\u00e1 ser la ganadora de las dos cestas sorteadas ni tampoco podr\u00e1 ser la persona titular o trabajadora del establecimiento del ticket agraciado.<\/p><p>Se extraer\u00e1n, igualmente, dos papeletas de reserva en cada uno de los dos sorteos, que se dar\u00e1n a conocer solo si las personas inicialmente agraciadas no fuesen localizadas en las 12 horas siguientes a cada sorteo.<\/p><p>Las personas premiadas, si no fueran localizadas en el tel\u00e9fono indicado en la papeleta en las 12 horas siguientes al sorteo, no tendr\u00e1n derecho al premio de la campa\u00f1a.<\/p><p>\u201cDebemos trabajar para convencer a los santanderinos para que opten por el comercio de su calle o barrio, por su cercan\u00eda, porque es m\u00e1s sostenible y porque de estos negocios depende la econom\u00eda de muchos de nuestros vecinos\u201d, ha remarcado.<\/p><p>Tambi\u00e9n ha recordado que esta iniciativa es fruto del convenio de colaboraci\u00f3n firmado entre el Ayuntamiento y COERCAN dotado desde la Concejal\u00eda de Comercio y Mercados con 28.000 euros para organizar acciones orientadas a la mejora de la competitividad del sector comercial y sus entidades asociativas y en el que tambi\u00e9n se incluyen los Premios del Comercio de Santander que se retoman y que se celebrar\u00e1n el 12 de diciembre en el Hotel Bah\u00eda.<\/p><p>Por su parte, el secretario general de COERCAN, Gonzalo Cay\u00f3n, ha agradecido al Ayuntamiento su implicaci\u00f3n en esta campa\u00f1a para \u201cdinamizar el comercio local\u201d y ha considerado que se trata de una \u201coportunidad\u201d para aprovechar las fechas del Black Friday que en el comercio minorista normalmente tienen menos impacto que en las grandes cadenas o superficies.<\/p><p><a href=\"https:\/\/coercan.net\/?p=3402\">Ver Bases de la campa\u00f1a<\/a><\/p>\t\t\t\t\t\t\t\t<\/div>\n\t\t\t\t<\/div>\n\t\t\t\t\t\t<\/div>\r\n\t\t\t\t<\/div>\r\n\t\t\t\t\t\t\t\t<\/div>\r\n\t\t\t<\/section>\r\n\t\t\t\t\t<\/div>\n\t\t","protected":false},"excerpt":{"rendered":"<p>Santander celebrar\u00e1 este fin de semana su propio \u2018Black Friday\u2019. Lo har\u00e1 a trav\u00e9s de una campa\u00f1a de promoci\u00f3n y dinamizaci\u00f3n comercial que incluir\u00e1 sorteos de lotes de productos y dos cestas. As\u00ed lo ha anunciado el concejal del \u00e1rea, \u00c1lvaro Lav\u00edn, durante una rueda de prensa en la que ha estado acompa\u00f1ado del secretario [&hellip;]<\/p>\n","protected":false},"author":2,"featured_media":3420,"comment_status":"closed","ping_status":"closed","sticky":false,"template":"","format":"standard","meta":{"_acf_changed":false,"_monsterinsights_skip_tracking":false,"_monsterinsights_sitenote_active":false,"_monsterinsights_sitenote_note":"","_monsterinsights_sitenote_category":0,"footnotes":""},"categories":[64,2],"tags":[19,4],"class_list":["post-3418","post","type-post","status-publish","format-standard","has-post-thumbnail","hentry","category-campanas","category-noticias","tag-campana","tag-noticias"],"acf":[],"_links":{"self":[{"href":"https:\/\/coercan.net\/index.php?rest_route=\/wp\/v2\/posts\/3418","targetHints":{"allow":["GET"]}}],"collection":[{"href":"https:\/\/coercan.net\/index.php?rest_route=\/wp\/v2\/posts"}],"about":[{"href":"https:\/\/coercan.net\/index.php?rest_route=\/wp\/v2\/types\/post"}],"author":[{"embeddable":true,"href":"https:\/\/coercan.net\/index.php?rest_route=\/wp\/v2\/users\/2"}],"replies":[{"embeddable":true,"href":"https:\/\/coercan.net\/index.php?rest_route=%2Fwp%2Fv2%2Fcomments&post=3418"}],"version-history":[{"count":4,"href":"https:\/\/coercan.net\/index.php?rest_route=\/wp\/v2\/posts\/3418\/revisions"}],"predecessor-version":[{"id":3423,"href":"https:\/\/coercan.net\/index.php?rest_route=\/wp\/v2\/posts\/3418\/revisions\/3423"}],"wp:featuredmedia":[{"embeddable":true,"href":"https:\/\/coercan.net\/index.php?rest_route=\/wp\/v2\/media\/3420"}],"wp:attachment":[{"href":"https:\/\/coercan.net\/index.php?rest_route=%2Fwp%2Fv2%2Fmedia&parent=3418"}],"wp:term":[{"taxonomy":"category","embeddable":true,"href":"https:\/\/coercan.net\/index.php?rest_route=%2Fwp%2Fv2%2Fcategories&post=3418"},{"taxonomy":"post_tag","embeddable":true,"href":"https:\/\/coercan.net\/index.php?rest_route=%2Fwp%2Fv2%2Ftags&post=3418"}],"curies":[{"name":"wp","href":"https:\/\/api.w.org\/{rel}","templated":true}]}}