{"id":3435,"date":"2023-11-30T10:51:33","date_gmt":"2023-11-30T09:51:33","guid":{"rendered":"https:\/\/coercan.net\/?p=3435"},"modified":"2023-11-30T12:51:24","modified_gmt":"2023-11-30T11:51:24","slug":"los-xv-premios-del-comercio-de-santander-se-celebraran-el-12-de-diciembre","status":"publish","type":"post","link":"https:\/\/coercan.net\/?p=3435","title":{"rendered":"Los XV Premios del Comercio de Santander se celebrar\u00e1n el 12 de diciembre"},"content":{"rendered":"\t\t<div data-elementor-type=\"wp-post\" data-elementor-id=\"3435\" class=\"elementor elementor-3435\">\n\t\t\t\t\t\t<section class=\" elementor-section elementor-top-section elementor-element elementor-element-a2d75f1 elementor-section-boxed elementor-section-height-default elementor-section-height-default smart-sticky-default\" data-id=\"a2d75f1\" data-element_type=\"section\">\r\n\t\t\t\t\t\t\t\t<div class=\"elementor-container elementor-column-gap-default\">\r\n\t\t\t\t\r\n\t\t\t\t\t\t\t\t<div class=\" elementor-column elementor-col-100 elementor-top-column elementor-element elementor-element-37397c2 \" data-id=\"37397c2\" data-element_type=\"column\">\r\n\r\n\t\t\t\t\r\n\t\t\t\t<div class=\"elementor-widget-wrap elementor-element-populated\">\r\n\t\t\t\t\t\t\t\t\t\t\r\n\t\t\t\t\t\t<div class=\"elementor-element elementor-element-ad6e512 elementor-widget elementor-widget-heading\" data-id=\"ad6e512\" data-element_type=\"widget\" data-widget_type=\"heading.default\">\n\t\t\t\t<div class=\"elementor-widget-container\">\n\t\t\t\t\t<h4 class=\"elementor-heading-title elementor-size-default\">La alcaldesa destaca la calidad del comercio local, que en esta ocasi\u00f3n ser\u00e1 reconocido en las categor\u00edas Comercio Sostenible, Comercio Innovador, Comercio con Historia y Comercio Favorito<\/h4>\t\t\t\t<\/div>\n\t\t\t\t<\/div>\n\t\t\t\t\t\t<\/div>\r\n\t\t\t\t<\/div>\r\n\t\t\t\t\t\t\t\t<\/div>\r\n\t\t\t<\/section>\r\n\t\t\t\t\t<section class=\" elementor-section elementor-top-section elementor-element elementor-element-8331263 elementor-section-boxed elementor-section-height-default elementor-section-height-default smart-sticky-default\" data-id=\"8331263\" data-element_type=\"section\">\r\n\t\t\t\t\t\t\t\t<div class=\"elementor-container elementor-column-gap-default\">\r\n\t\t\t\t\r\n\t\t\t\t\t\t\t\t<div class=\" elementor-column elementor-col-100 elementor-top-column elementor-element elementor-element-53c1fa6 \" data-id=\"53c1fa6\" data-element_type=\"column\">\r\n\r\n\t\t\t\t\r\n\t\t\t\t<div class=\"elementor-widget-wrap elementor-element-populated\">\r\n\t\t\t\t\t\t\t\t\t\t\r\n\t\t\t\t\t\t<div class=\"elementor-element elementor-element-15bd5c6 elementor-widget elementor-widget-heading\" data-id=\"15bd5c6\" data-element_type=\"widget\" data-widget_type=\"heading.default\">\n\t\t\t\t<div class=\"elementor-widget-container\">\n\t\t\t\t\t<h4 class=\"elementor-heading-title elementor-size-default\">El Ayuntamiento y la Federaci\u00f3n del Comercio de Cantabria COERCAN convocan los galardones, que se entregar\u00e1n en la gala del comercio, en el Hotel Bah\u00eda de Santander, y el plazo de presentaci\u00f3n de candidaturas permanecer\u00e1 abierto hasta el 7 de diciembre<\/h4>\t\t\t\t<\/div>\n\t\t\t\t<\/div>\n\t\t\t\t<div class=\"elementor-element elementor-element-c7e6aab elementor-widget elementor-widget-image\" data-id=\"c7e6aab\" data-element_type=\"widget\" data-widget_type=\"image.default\">\n\t\t\t\t<div class=\"elementor-widget-container\">\n\t\t\t\t\t\t\t\t\t\t\t\t\t\t\t<img fetchpriority=\"high\" decoding=\"async\" width=\"682\" height=\"1024\" src=\"https:\/\/coercan.net\/wp-content\/uploads\/2023\/11\/Presentacion-Premios-Comercio-2023-682x1024.jpg\" class=\"attachment-large size-large wp-image-3437\" alt=\"Presentacion Premios Comercio Santander\" \/>\t\t\t\t\t\t\t\t\t\t\t\t\t\t\t<\/div>\n\t\t\t\t<\/div>\n\t\t\t\t<div class=\"elementor-element elementor-element-4d9d6ef elementor-widget elementor-widget-text-editor\" data-id=\"4d9d6ef\" data-element_type=\"widget\" data-widget_type=\"text-editor.default\">\n\t\t\t\t<div class=\"elementor-widget-container\">\n\t\t\t\t\t\t\t\t\t<p>El Ayuntamiento de Santander y la Federaci\u00f3n del Comercio de Cantabria COERCAN convocan la XV edici\u00f3n de los Premios del Comercio de Santander, que en esta ocasi\u00f3n reconocer\u00e1n a los mejores establecimientos locales en las categor\u00edas Comercio Sostenible, Comercio Innovador, Comercio con Historia y Comercio Favorito.<\/p><p>As\u00ed lo han dado a conocer hoy la alcaldesa Gema Igual y el secretario general de COERCAN, Gonzalo Cay\u00f3n, quienes destacan que un a\u00f1o m\u00e1s el objetivo es poner en valor el comercio local, el trabajo que cada d\u00eda realizan los comerciantes de la ciudad y destacar la creatividad e innovaci\u00f3n en el sector, la transformaci\u00f3n y la trayectoria comercial.<\/p><p>Se abre as\u00ed el plazo de presentaci\u00f3n de candidaturas, hasta el 7 de diciembre, al XV certamen en el que podr\u00e1n participar los comerciantes, tanto personas f\u00edsicas como jur\u00eddicas, cuyo establecimiento comercial se encuentre en Santander y desarrolle alguna de las actividades relacionadas con el comercio al por menor de productos alimenticios, de productos industriales no alimenticios, comercio en almacenes populares, reparaci\u00f3n de equipos y otros bienes de consumo; agencias de viajes, alquiler de bienes de consumo; lavander\u00edas, tintorer\u00edas y similares; salones de peluquer\u00eda o centros de belleza; servicios fotogr\u00e1ficos y copia de documentos; o servicios de enmarcaci\u00f3n.<\/p><p>\u201cQueremos poner en valor la calidad y el buen hacer del comercio tradicional santanderino reconociendo aquellas iniciativas que destacan por su innovaci\u00f3n y adaptaci\u00f3n a las nuevas formas de consumo, por la transformaci\u00f3n y modernizaci\u00f3n de un establecimiento, o por la andadura y continuidad de la tradici\u00f3n comercial\u201d, ha subrayado Igual, quien recuerda que la ciudad lleva 15 a\u00f1os reconociendo a diferentes comercios con un galard\u00f3n que contribuye a mejorar la imagen del negocio y a obtener visibilidad y presencia.<\/p><p>Los galardones, ha avanzado la regidora, se entregar\u00e1n en la gala del comercio, el pr\u00f3ximo 12 de diciembre, a las 20.30 horas, en el Hotel Bah\u00eda de Santander.<\/p><p>\u201cEstos reconocimientos al comercio son francamente importantes para nosotros, debido a que en muchas ocasiones el p\u00fablico en general olvida lo importante que es el comercio para la vida de nuestras ciudades. Debemos tener en cuenta el esfuerzo que los comerciantes realizan cada d\u00eda apostando por el comercio de Santander\u201d, ha asegurado por su parte Gonzalo Cay\u00f3n.<\/p><p>Las solicitudes de participaci\u00f3n en el concurso podr\u00e1n presentarse por los comerciantes titulares de la actividad o a trav\u00e9s de una organizaci\u00f3n empresarial o asociaci\u00f3n de comerciantes legalmente constituida, en las oficinas de la Federaci\u00f3n del Comercio de Cantabria-COERCAN (calle Vargas 47, Esc. Dcha. 3\u00ba puerta 6) o en la direcci\u00f3n de correo electr\u00f3nico <a href=\"mailto:info@coercan.net\">info@coercan.net<\/a>.<\/p><p>Las candidaturas se podr\u00e1n hacer llegar tambi\u00e9n a trav\u00e9s de la Oficina Municipal de Apoyo al Comercio-OMAC, a trav\u00e9s del correo <a href=\"mailto:comercio-mercados@santander.es\">comercio-mercados@santander.es<\/a>.<\/p><p>Adem\u00e1s, las personas y comercios interesados disponen de estos medios para consultar dudas o ampliar informaci\u00f3n sobre los premios.<\/p>\t\t\t\t\t\t\t\t<\/div>\n\t\t\t\t<\/div>\n\t\t\t\t<div class=\"elementor-element elementor-element-a23b94c elementor-widget elementor-widget-heading\" data-id=\"a23b94c\" data-element_type=\"widget\" data-widget_type=\"heading.default\">\n\t\t\t\t<div class=\"elementor-widget-container\">\n\t\t\t\t\t<h5 class=\"elementor-heading-title elementor-size-default\">Cuatro Categor\u00edas y Premios<\/h5>\t\t\t\t<\/div>\n\t\t\t\t<\/div>\n\t\t\t\t<div class=\"elementor-element elementor-element-09379f8 elementor-widget elementor-widget-text-editor\" data-id=\"09379f8\" data-element_type=\"widget\" data-widget_type=\"text-editor.default\">\n\t\t\t\t<div class=\"elementor-widget-container\">\n\t\t\t\t\t\t\t\t\t<p>El premio Santander Comercio Sostenible es un reconocimiento a la apuesta de los establecimientos comerciales por la econom\u00eda verde, el reciclaje y lo referido a la gesti\u00f3n medioambiental. Algo que, cada vez m\u00e1s, se valora positivamente por parte de los clientes.<\/p><p>El premio Santander Comercio Innovador reconocer\u00e1 al establecimiento que, con su forma de desarrollar la actividad comercial, haya destacado por su originalidad y su adaptaci\u00f3n a los nuevos retos que la clientela solicita.<\/p><p>Con el premio Santander Comercio con Historia se pondr\u00e1 en valor a los comercios que en las \u00faltimas d\u00e9cadas han destacado ofreciendo sus productos y servicios a todos sus clientes y que est\u00e1n dejando una huella reconocible en el sector comercial de Santander.<\/p><p>Adem\u00e1s, habr\u00e1 una categor\u00eda al Premio Santander Comercio Favorito que reconocer\u00e1 al establecimiento comercial que m\u00e1s votos populares reciba a trav\u00e9s de la votaci\u00f3n que se realice en la red social Facebook de la Federaci\u00f3n del Comercio de Cantabria. Entre los votantes se sortear\u00e1 un premio que se entregar\u00e1 en la propia Gala de entrega de Premios.<\/p><p>El Jurado estar\u00e1 compuesto por un representante de COERCAN, que actuar\u00e1 de secretario; un representante del Ayuntamiento de Santander, uno de la C\u00e1mara de Comercio de Cantabria y otros dos representantes de establecimientos comerciales galardonados en anteriores ediciones.<\/p><p>Los premios para las cuatro categor\u00edas consistir\u00e1n en un trofeo conmemorativo y una campa\u00f1a de publicidad en el circuito de mupis del Ayuntamiento, en los v\u00eddeos del TUS y en las redes sociales de comercio del Ayuntamiento.<\/p>\t\t\t\t\t\t\t\t<\/div>\n\t\t\t\t<\/div>\n\t\t\t\t\t\t<\/div>\r\n\t\t\t\t<\/div>\r\n\t\t\t\t\t\t\t\t<\/div>\r\n\t\t\t<\/section>\r\n\t\t\t\t\t<section class=\" elementor-section elementor-top-section elementor-element elementor-element-afa67cf elementor-section-boxed elementor-section-height-default elementor-section-height-default smart-sticky-default\" data-id=\"afa67cf\" data-element_type=\"section\">\r\n\t\t\t\t\t\t\t\t<div class=\"elementor-container elementor-column-gap-default\">\r\n\t\t\t\t\r\n\t\t\t\t\t\t\t\t<div class=\" elementor-column elementor-col-100 elementor-top-column elementor-element elementor-element-691a394 \" data-id=\"691a394\" data-element_type=\"column\">\r\n\r\n\t\t\t\t\r\n\t\t\t\t<div class=\"elementor-widget-wrap elementor-element-populated\">\r\n\t\t\t\t\t\t\t\t\t\t\r\n\t\t\t\t\t\t<div class=\"elementor-element elementor-element-2a53f0f elementor-widget elementor-widget-button\" data-id=\"2a53f0f\" data-element_type=\"widget\" data-widget_type=\"button.default\">\n\t\t\t\t<div class=\"elementor-widget-container\">\n\t\t\t\t\t\t\t\t\t<div class=\"elementor-button-wrapper\">\n\t\t\t\t\t<a class=\"elementor-button elementor-button-link elementor-size-sm\" href=\"https:\/\/coercan.net\/?p=3447\">\n\t\t\t\t\t\t<span class=\"elementor-button-content-wrapper\">\n\t\t\t\t\t\t\t\t\t<span class=\"elementor-button-text\">Ver Bases<\/span>\n\t\t\t\t\t<\/span>\n\t\t\t\t\t<\/a>\n\t\t\t\t<\/div>\n\t\t\t\t\t\t\t\t<\/div>\n\t\t\t\t<\/div>\n\t\t\t\t\t\t<\/div>\r\n\t\t\t\t<\/div>\r\n\t\t\t\t\t\t\t\t<\/div>\r\n\t\t\t<\/section>\r\n\t\t\t\t\t<\/div>\n\t\t","protected":false},"excerpt":{"rendered":"<p>La alcaldesa destaca la calidad del comercio local, que en esta ocasi\u00f3n ser\u00e1 reconocido en las categor\u00edas Comercio Sostenible, Comercio Innovador, Comercio con Historia y Comercio Favorito El Ayuntamiento y la Federaci\u00f3n del Comercio de Cantabria COERCAN convocan los galardones, que se entregar\u00e1n en la gala del comercio, en el Hotel Bah\u00eda de Santander, y [&hellip;]<\/p>\n","protected":false},"author":2,"featured_media":3446,"comment_status":"closed","ping_status":"closed","sticky":false,"template":"","format":"standard","meta":{"_acf_changed":false,"_monsterinsights_skip_tracking":false,"_monsterinsights_sitenote_active":false,"_monsterinsights_sitenote_note":"","_monsterinsights_sitenote_category":0,"footnotes":""},"categories":[64,2],"tags":[19,4],"class_list":["post-3435","post","type-post","status-publish","format-standard","has-post-thumbnail","hentry","category-campanas","category-noticias","tag-campana","tag-noticias"],"acf":[],"_links":{"self":[{"href":"https:\/\/coercan.net\/index.php?rest_route=\/wp\/v2\/posts\/3435","targetHints":{"allow":["GET"]}}],"collection":[{"href":"https:\/\/coercan.net\/index.php?rest_route=\/wp\/v2\/posts"}],"about":[{"href":"https:\/\/coercan.net\/index.php?rest_route=\/wp\/v2\/types\/post"}],"author":[{"embeddable":true,"href":"https:\/\/coercan.net\/index.php?rest_route=\/wp\/v2\/users\/2"}],"replies":[{"embeddable":true,"href":"https:\/\/coercan.net\/index.php?rest_route=%2Fwp%2Fv2%2Fcomments&post=3435"}],"version-history":[{"count":10,"href":"https:\/\/coercan.net\/index.php?rest_route=\/wp\/v2\/posts\/3435\/revisions"}],"predecessor-version":[{"id":3461,"href":"https:\/\/coercan.net\/index.php?rest_route=\/wp\/v2\/posts\/3435\/revisions\/3461"}],"wp:featuredmedia":[{"embeddable":true,"href":"https:\/\/coercan.net\/index.php?rest_route=\/wp\/v2\/media\/3446"}],"wp:attachment":[{"href":"https:\/\/coercan.net\/index.php?rest_route=%2Fwp%2Fv2%2Fmedia&parent=3435"}],"wp:term":[{"taxonomy":"category","embeddable":true,"href":"https:\/\/coercan.net\/index.php?rest_route=%2Fwp%2Fv2%2Fcategories&post=3435"},{"taxonomy":"post_tag","embeddable":true,"href":"https:\/\/coercan.net\/index.php?rest_route=%2Fwp%2Fv2%2Ftags&post=3435"}],"curies":[{"name":"wp","href":"https:\/\/api.w.org\/{rel}","templated":true}]}}