{"id":3489,"date":"2023-12-11T18:22:59","date_gmt":"2023-12-11T17:22:59","guid":{"rendered":"https:\/\/coercan.net\/?p=3489"},"modified":"2023-12-14T12:21:52","modified_gmt":"2023-12-14T11:21:52","slug":"46-concurso-de-escaparates-de-santander-establecimientos-participantes","status":"publish","type":"post","link":"https:\/\/coercan.net\/?p=3489","title":{"rendered":"46 Concurso de Escaparates de Santander: Establecimientos participantes"},"content":{"rendered":"\t\t<div data-elementor-type=\"wp-post\" data-elementor-id=\"3489\" class=\"elementor elementor-3489\">\n\t\t\t\t\t\t<section class=\" elementor-section elementor-top-section elementor-element elementor-element-ea688c7 elementor-section-boxed elementor-section-height-default elementor-section-height-default smart-sticky-default\" data-id=\"ea688c7\" data-element_type=\"section\">\r\n\t\t\t\t\t\t\t\t<div class=\"elementor-container elementor-column-gap-default\">\r\n\t\t\t\t\r\n\t\t\t\t\t\t\t\t<div class=\" elementor-column elementor-col-100 elementor-top-column elementor-element elementor-element-2127986 \" data-id=\"2127986\" data-element_type=\"column\">\r\n\r\n\t\t\t\t\r\n\t\t\t\t<div class=\"elementor-widget-wrap elementor-element-populated\">\r\n\t\t\t\t\t\t\t\t\t\t\r\n\t\t\t\t\t\t<div class=\"elementor-element elementor-element-02a69d8 elementor-widget elementor-widget-image\" data-id=\"02a69d8\" data-element_type=\"widget\" data-widget_type=\"image.default\">\n\t\t\t\t<div class=\"elementor-widget-container\">\n\t\t\t\t\t\t\t\t\t\t\t\t\t\t\t<img fetchpriority=\"high\" decoding=\"async\" width=\"1024\" height=\"538\" src=\"https:\/\/coercan.net\/wp-content\/uploads\/2023\/12\/img-escaparates-2023-1024x538.jpg\" class=\"attachment-large size-large wp-image-3476\" alt=\"46 Concurso Escaparates Santander\" srcset=\"https:\/\/coercan.net\/wp-content\/uploads\/2023\/12\/img-escaparates-2023-1024x538.jpg 1024w, https:\/\/coercan.net\/wp-content\/uploads\/2023\/12\/img-escaparates-2023-768x403.jpg 768w\" sizes=\"(max-width: 1024px) 100vw, 1024px\" \/>\t\t\t\t\t\t\t\t\t\t\t\t\t\t\t<\/div>\n\t\t\t\t<\/div>\n\t\t\t\t\t\t<\/div>\r\n\t\t\t\t<\/div>\r\n\t\t\t\t\t\t\t\t<\/div>\r\n\t\t\t<\/section>\r\n\t\t\t\t\t<section class=\" elementor-section elementor-top-section elementor-element elementor-element-0643b99 elementor-section-boxed elementor-section-height-default elementor-section-height-default smart-sticky-default\" data-id=\"0643b99\" data-element_type=\"section\">\r\n\t\t\t\t\t\t\t\t<div class=\"elementor-container elementor-column-gap-default\">\r\n\t\t\t\t\r\n\t\t\t\t\t\t\t\t<div class=\" elementor-column elementor-col-100 elementor-top-column elementor-element elementor-element-13c4583 \" data-id=\"13c4583\" data-element_type=\"column\">\r\n\r\n\t\t\t\t\r\n\t\t\t\t<div class=\"elementor-widget-wrap elementor-element-populated\">\r\n\t\t\t\t\t\t\t\t\t\t\r\n\t\t\t\t\t\t<div class=\"elementor-element elementor-element-78d335a elementor-widget elementor-widget-heading\" data-id=\"78d335a\" data-element_type=\"widget\" data-widget_type=\"heading.default\">\n\t\t\t\t<div class=\"elementor-widget-container\">\n\t\t\t\t\t<h3 class=\"elementor-heading-title elementor-size-default\">Establecimientos participantes en la 46 edici\u00f3n del Concurso de Escaparates de Santander<\/h3>\t\t\t\t<\/div>\n\t\t\t\t<\/div>\n\t\t\t\t\t\t<\/div>\r\n\t\t\t\t<\/div>\r\n\t\t\t\t\t\t\t\t<\/div>\r\n\t\t\t<\/section>\r\n\t\t\t\t\t<section class=\" elementor-section elementor-top-section elementor-element elementor-element-54381a6 elementor-section-boxed elementor-section-height-default elementor-section-height-default smart-sticky-default\" data-id=\"54381a6\" data-element_type=\"section\">\r\n\t\t\t\t\t\t\t\t<div class=\"elementor-container elementor-column-gap-default\">\r\n\t\t\t\t\r\n\t\t\t\t\t\t\t\t<div class=\" elementor-column elementor-col-100 elementor-top-column elementor-element elementor-element-0918665 \" data-id=\"0918665\" data-element_type=\"column\">\r\n\r\n\t\t\t\t\r\n\t\t\t\t<div class=\"elementor-widget-wrap elementor-element-populated\">\r\n\t\t\t\t\t\t\t\t\t\t\r\n\t\t\t\t\t\t<div class=\"elementor-element elementor-element-4c43895 elementor-align-center elementor-widget elementor-widget-button\" data-id=\"4c43895\" data-element_type=\"widget\" data-widget_type=\"button.default\">\n\t\t\t\t<div class=\"elementor-widget-container\">\n\t\t\t\t\t\t\t\t\t<div class=\"elementor-button-wrapper\">\n\t\t\t\t\t<a class=\"elementor-button elementor-button-link elementor-size-sm\" href=\"https:\/\/www.facebook.com\/coercan\/posts\/pfbid02vu5iaUQK4VbLm6DeuA6xa1Y8eNyiLyav4mSudMxhaYqd36doiHRjC3PSYNVYVdUhl\">\n\t\t\t\t\t\t<span class=\"elementor-button-content-wrapper\">\n\t\t\t\t\t\t\t\t\t<span class=\"elementor-button-text\">\u00a1Vota aqu\u00ed por tu favorito!<\/span>\n\t\t\t\t\t<\/span>\n\t\t\t\t\t<\/a>\n\t\t\t\t<\/div>\n\t\t\t\t\t\t\t\t<\/div>\n\t\t\t\t<\/div>\n\t\t\t\t\t\t<\/div>\r\n\t\t\t\t<\/div>\r\n\t\t\t\t\t\t\t\t<\/div>\r\n\t\t\t<\/section>\r\n\t\t\t\t\t<section class=\" elementor-section elementor-top-section elementor-element elementor-element-90d8c75 elementor-section-boxed elementor-section-height-default elementor-section-height-default smart-sticky-default\" data-id=\"90d8c75\" data-element_type=\"section\">\r\n\t\t\t\t\t\t\t\t<div class=\"elementor-container elementor-column-gap-default\">\r\n\t\t\t\t\r\n\t\t\t\t\t\t\t\t<div class=\" elementor-column elementor-col-100 elementor-top-column elementor-element elementor-element-193bfbd \" data-id=\"193bfbd\" data-element_type=\"column\">\r\n\r\n\t\t\t\t\r\n\t\t\t\t<div class=\"elementor-widget-wrap elementor-element-populated\">\r\n\t\t\t\t\t\t\t\t\t\t\r\n\t\t\t\t\t\t<div class=\"elementor-element elementor-element-55adced elementor-widget elementor-widget-text-editor\" data-id=\"55adced\" data-element_type=\"widget\" data-widget_type=\"text-editor.default\">\n\t\t\t\t<div class=\"elementor-widget-container\">\n\t\t\t\t\t\t\t\t\t<ul><li><strong>3er Tiempo Tienda de Cervezas<\/strong> &#8211; Plaza de la Esperanza 6<\/li><li><strong>A tu estilo<\/strong> &#8211; C\/ De los Abedules N\u00ba 10<\/li><li><strong>Academia de Ingl\u00e9s Kids&amp;Us <\/strong>&#8211;<\/li><li><strong>Alameda Moda<\/strong> &#8211; C\/ Narciso Cuevas 7<\/li><li><strong>Alimentaci\u00f3n Diferente<\/strong> &#8211; C\/ Joaqu\u00edn Costa 28<\/li><li><strong>Alimentaci\u00f3n Diferente<\/strong> &#8211; C\/ Vargas 55<\/li><li><strong>Almacen de vinos La Cascada<\/strong> &#8211; C\/ Joaquin Bustamante 14 L 22<\/li><li><strong>Almacenes Mariana<\/strong> &#8211; C\/ Camilo Alonso Vega 26<\/li><li><strong>Alta Fotografia<\/strong> &#8211; C\/ Justicia 2<\/li><li><strong>Andrew<\/strong> &#8211; C\/ Isabel II 30<\/li><li><strong>Arreglos de ropa R&amp;T<\/strong>\u00a0&#8211; C\/ Floranes 29\u00a0<\/li><li><strong>Arttex<\/strong> &#8211; C\/ Floranes 10 E<\/li><li><strong>Bagheera<\/strong> &#8211; C\/ San Fernando 86<\/li><li><strong>Bea la de las Flores <\/strong>\u2013 C\/ Alta 109<\/li><li><strong>Best Estilistas (Peluquer\u00eda Lourdes G\u00f3mez)<\/strong> &#8211; C\/ Alonso 12<\/li><li><strong>By Santamaria Moda y Complementos<\/strong> &#8211; C\/ Florida n\u00ba 1<\/li><li><strong>Cadeneta<\/strong> &#8211; C\/ Floranes 50<\/li><li><strong>Cala&#8217;s Floristas<\/strong> &#8211; C\/ Guevara 24<\/li><li><strong>Calzados L\u00faa<\/strong> &#8211; C\/ Lealtad 20<\/li><li><strong>Calzados Mcp<\/strong> &#8211; C\/ Ram\u00f3n Men\u00e9ndez Pidal 4 Bj. 3<\/li><li><strong>Carmelo Hinojal Fotograf\u00eda Creativa<\/strong> &#8211; C\/ Cadiz 3 Entlo Izda \/ Rampa Sotileza<\/li><li><strong>Carnes Miguel<\/strong> &#8211; C\/ San Fernando 42<\/li><li><strong>Carot<\/strong> &#8211; C\/ Da\u00f3iz y Velarde, 29<\/li><li><strong>Cartago<\/strong> &#8211; C\/ Floranes 27<\/li><li><strong>Centro Auditivo Clinico OYE +<\/strong> &#8211; C\/ Burgos 6<\/li><li><strong>Charcuter\u00eda Carnicer\u00eda Manuel Alonso<\/strong> &#8211; C\/ General D\u00e1vila 314<\/li><li><strong>Clinica Veterinaria Bahia<\/strong> &#8211; C\/ Antonio Lopez 18<\/li><li><strong>Cloe <\/strong>&#8211; C\/ Camilo Alonso Vega 10<\/li><li><strong>Confecciones Bah\u00eda <\/strong>\u2013 C\/ General Moscard\u00f3<\/li><li><strong>Confecciones Espa\u00f1a<\/strong> &#8211; C\/ Floranes 60<\/li><li><strong>Confecciones Labor<\/strong> &#8211; C\/ Daoiz y Velarde 3<\/li><li><strong>Copysla<\/strong> &#8211; C\/ Vargas 7<\/li><li><strong>Crios Infantil<\/strong> &#8211; C\/ Narciso Cuevas 7<\/li><li><strong>Cristalvent <\/strong>\u2013 C\/ Miguel Artigas 6<\/li><li><strong>Cross<\/strong> &#8211; C\/ Lealtad n\u00ba 6<\/li><li><strong>Crusole<\/strong> &#8211; C\/ Jer\u00f3nimo S\u00e1inz de la Maza 1-3<\/li><li><strong>C-system<\/strong> &#8211; C\/ Vargas 57 E<\/li><li><strong>Cuarzo Santander<\/strong> &#8211; C\/ Francisco de Quevedo 11 Bajo<\/li><li><strong>Defoto <\/strong>\u2013 C\/ Ruiz Zorrilla 16 bajo<\/li><li><strong>Del Rosa al Amarillo<\/strong> &#8211; C\/ Hernan Cortes 45<\/li><li><strong>Detalles Yolanda Celis<\/strong> &#8211; C\/ Marques de la Hermida 44<\/li><li><strong>Dinast\u00eda Peluqueras<\/strong> &#8211; C\/ Mies del Valle 2<\/li><li><strong>Do\u00f1a Tomasa<\/strong> &#8211; C\/ Hernan Cort\u00e9s 37<\/li><li><strong>El Ajuar de la Novia y del Bebe<\/strong> &#8211; C\/ Camilo Alonso Vega 1<\/li><li><strong>El Detalle Perfecto <\/strong>&#8211; C\/ Alta 115<\/li><li><strong>El Rincon de Nicole<\/strong> &#8211; C\/ Ruamayor 2<\/li><li><strong>Electrodom\u00e9sticos Rivero <\/strong>\u2013 C\/ Nicol\u00e1s Salmer\u00f3n 6<\/li><li><strong>Elisa Moda<\/strong> &#8211; C\/ San Fernando 16<\/li><li><strong>Enmarcaciones Sorto<\/strong> &#8211; C\/ Lope de Vega 28<\/li><li><strong>Entr3Olivos<\/strong> &#8211; C\/ San Jos\u00e9 17<\/li><li><strong>Est\u00e9tica Inma Mart\u00ednez<\/strong> &#8211; C\/ Jos\u00e9 Sim\u00f3n Cabarga 8E<\/li><li><strong>Est\u00e9tica Sublime<\/strong> &#8211; C\/ San Pedro del Mar 6<\/li><li><strong>Estudio de Manualidades Monika Huerga<\/strong> &#8211; C\/ Repuente 13 n\u00ba 12 Bajo Izda<\/li><li><strong>Farmacia Patricia Diez Viadero <\/strong>\u2013 C\/ juan de la Cosa 2<\/li><li><strong>Flores Lucrecia<\/strong> &#8211; C\/ Vargas 57<\/li><li><strong>Guante Varad\u00e9<\/strong> &#8211; C\/ Ataulfo Argenta 8 Bajo<\/li><li><strong>Guarder\u00eda Color\u00edn Colorado<\/strong> &#8211; C\/ Jos\u00e9 Sim\u00f3n Cabarga 8E<\/li><li><strong>Herbolario Laurel<\/strong> &#8211; C\/ Vargas 15<\/li><li><strong>Identy&amp;Co<\/strong> &#8211; C\/ Emilio Pino, 1<\/li><li><strong>Identy&amp;Co<\/strong> &#8211; C\/ Jesus de Monasterio, 2<\/li><li><strong>Imaginarium <\/strong>&#8211; C\/ Lealtad 22<\/li><li><strong>Islacan <\/strong>&#8211; C\/ Floranes 29<\/li><li><strong>Joyer\u00eda Relojer\u00eda Matra <\/strong>\u2013 C\/ Isabel II 19<\/li><li><strong>Jungla <\/strong>&#8211; C\/ Calderon de la Barca 4<\/li><li><strong>Kiosko Oky<\/strong> &#8211; C\/ San Mart\u00edn del Pino 23<\/li><li><strong>Komosy <\/strong>&#8211; C\/ San Francisco 21<\/li><li><strong>La Diva XXL<\/strong> &#8211; C\/ Jeronimo Sainz de la Maza 4<\/li><li><strong>La Folie Santander <\/strong>\u2013 C\/ Hern\u00e1n Cort\u00e9s 37<\/li><li><strong>La Novedad Confeccion de Caballero<\/strong> &#8211; C\/ Ataulfo Argenta 2<\/li><li><strong>La Osita<\/strong> &#8211; C\/ Mendez Nu\u00f1ez 9<\/li><li><strong>Lamoi Atelier<\/strong> &#8211; C\/ San Jose 22<\/li><li><strong>Las Floristas<\/strong> &#8211; Plaza Los Remedios 2<\/li><li><strong>Lastra <\/strong>&#8211; C\/ Isabel II 12<\/li><li><strong>Lencer\u00eda Perfumer\u00eda Majoss<\/strong> &#8211; C\/ L\u00e1baro 3<\/li><li><strong>Lenceria Saten<\/strong> &#8211; C\/ Rualasal n\u00ba 3<\/li><li><strong>Librer\u00eda Ediciones Tant\u00edn<\/strong> &#8211; C\/ Camilo Alonso Vega 10<\/li><li><strong>Los Secretos de Mam\u00e1<\/strong> &#8211; C\/ Alonso 5<\/li><li><strong>Luna Organic<\/strong> &#8211; C\/ Cervantes 13<\/li><li><strong>Macniacos<\/strong> &#8211; C\/ C\u00e1diz 10<\/li><li><strong>Mawikito <\/strong>&#8211; Av. Valdecilla 23<\/li><li><strong>Mikkum Korean Beauty Secrets <\/strong>\u2013 C\/ San Francisco 4<\/li><li><strong>Multi\u00f3pticas <\/strong>\u2013 C\/ Jes\u00fas de Monaster\u00edo 3<\/li><li><strong>Mundi <\/strong>\u2013 C\/ Calvo Sotelo 12<\/li><li><strong>Mundi <\/strong>\u2013 C\/ San Fernando 44<\/li><li><strong>Natural Santander<\/strong> &#8211; C\/ Ruiz Zorrilla 9<\/li><li><strong>Olga Costas Peluqueria<\/strong> &#8211; C\/ San Pedro del Mar 6 A<\/li><li><strong>Optica Sur<\/strong> &#8211; C\/ San Jos\u00e9 20<\/li><li><strong>Papelnor <\/strong>\u2013 C\/ C\u00e1diz 9<\/li><li><strong>Parag\u00fceria Niagara<\/strong> &#8211; C\/ Cervantes 3<\/li><li><strong>Parcu <\/strong>&#8211; C\/ San Emeterio 7<\/li><li><strong>Pasteler\u00eda Sucre <\/strong>\u2013 C\/ Santa Luc\u00eda 26<\/li><li><strong>Paz G\u00f3mez Moda Flamenca<\/strong> &#8211; C\/ San Fernando 72 interior<\/li><li><strong>Peluqueria Carmen Mart\u00edn<\/strong> &#8211; C\/ Floranes 29 Bajo<\/li><li><strong>Peluquer\u00eda In\u00e9s Gonz\u00e1lez <\/strong>\u2013 C\/ General D\u00e1vila 224<\/li><li><strong>Peluquer\u00eda Look at Me <\/strong>\u2013 C\/ San Luis 31<\/li><li><strong>Peluqueria Nuria Pando<\/strong> &#8211; C\/ Alfereces Provisionales 5<\/li><li><strong>Peluqueria Pilar Morat\u00f3n<\/strong> &#8211; C\/ Fernando de los Rios 13<\/li><li><strong>Peluqueria Pilar Santamaria<\/strong> &#8211; C\/ Vargas 59<\/li><li><strong>Peluqueria Piu Bella<\/strong> &#8211; C\/ Hern\u00e1n Cort\u00e9s 12<\/li><li><strong>Peluqueria Reyna<\/strong> &#8211; C\/ Floranes 50<\/li><li><strong>Peluquer\u00eda Sylvia Fernandez<\/strong> &#8211; C\/ Isaac Peral n\u00ba 34<\/li><li><strong>Peluquer\u00eda Wonder<\/strong> &#8211; C\/ Isabel II, 8<\/li><li><strong>Peluquer\u00eda y Est\u00e9tica Karla Alonso<\/strong> &#8211; C\/ Castilla 67<\/li><li><strong>Peluquer\u00eda Yoan <\/strong>\u2013 C\/ San Luis 3<\/li><li><strong>Perfumer\u00eda Villafranca <\/strong>&#8211; C\/ San Fernando 44<\/li><li><strong>Perfumer\u00eda Villafranca <\/strong>&#8211; C\/ San Francisco 25<\/li><li><strong>Perfumhada<\/strong> &#8211; C\/ Castilla 23<\/li><li><strong>Pickin&#8217; Pack<\/strong> &#8211; C\/ Floranes 23<\/li><li><strong>Pili&amp;Mili<\/strong> &#8211; C\/ San Luis 8 Bajo Izda<\/li><li><strong>Pisamonas <\/strong>\u2013 C\/ Juan de Herrera 10<\/li><li><strong>Puerelec <\/strong>&#8211; C\/ Castilla 23<\/li><li><strong>Regalazos <\/strong>\u2013 Av. Primero de Mayo local 165<\/li><li><strong>Regate Sport<\/strong> &#8211; C\/ Calder\u00f3n de La Barca 15<\/li><li><strong>Regma <\/strong>\u2013 C\/ Amos de Escalante n\u00ba 10<\/li><li><strong>Rosana Herbodietetica<\/strong> &#8211; C\/ General Davila 240<\/li><li><strong>Sal\u00f3n 21<\/strong> &#8211; C\/ Guevara 21<\/li><li><strong>Sapporo <\/strong>&#8211; C\/ Camilo Alonso Vega n\u00ba 12<\/li><li><strong>Seguros Generali<\/strong> &#8211; C\/ Tres de Noviembre 34<\/li><li><strong>SFC Servicios Fotogr\u00e1ficos C\u00e1ntabros<\/strong> &#8211; C\/ C\u00e1diz 12<\/li><li><strong>Sielen Estilistas<\/strong> &#8211; C\/ San Jos\u00e9 16<\/li><li><strong>Siempre S\u00e1bado <\/strong>\u2013 C\/ Floranes 40<\/li><li><strong>Sion Peluqueros<\/strong> &#8211; C\/ Luis Hoyos Sainz 4<\/li><li><strong>SIRPrint Santander<\/strong> &#8211; C\/ Alta 109<\/li><li><strong>Smile<\/strong> &#8211; C\/ Lealtad 12<\/li><li><strong>Solarium Santander <\/strong>\u2013 C\/ San Fernando 70<\/li><li><strong>Solo las Puntas by Lorena Cano<\/strong> &#8211; C\/ Camilo Alonso Vega 1<\/li><li><strong>Subastas Poncho<\/strong> &#8211; C\/ Amos de Escalante 10<\/li><li><strong>Tienda Cosio<\/strong> &#8211; C\/ Vargas 43<\/li><li><strong>Toni Barros Pasteler\u00eda<\/strong> &#8211; C\/ Rubio 1<\/li><li><strong>Urban Box<\/strong> &#8211; Plaza Numancia 5<\/li><li><strong>Via Condotti<\/strong> &#8211; C\/ Rualasal 19<\/li><li><strong>Yowe<\/strong> &#8211; C\/ Castelar 29<\/li><li><strong>Zubieta Fotograf\u00eda<\/strong> &#8211; C\/ Hern\u00e1n Cort\u00e9s 17<\/li><\/ul>\t\t\t\t\t\t\t\t<\/div>\n\t\t\t\t<\/div>\n\t\t\t\t\t\t<\/div>\r\n\t\t\t\t<\/div>\r\n\t\t\t\t\t\t\t\t<\/div>\r\n\t\t\t<\/section>\r\n\t\t\t\t\t<section class=\" elementor-section elementor-top-section elementor-element elementor-element-d19601d elementor-section-boxed elementor-section-height-default elementor-section-height-default smart-sticky-default\" data-id=\"d19601d\" data-element_type=\"section\">\r\n\t\t\t\t\t\t\t\t<div class=\"elementor-container elementor-column-gap-default\">\r\n\t\t\t\t\r\n\t\t\t\t\t\t\t\t<div class=\" elementor-column elementor-col-100 elementor-top-column elementor-element elementor-element-a361668 \" data-id=\"a361668\" data-element_type=\"column\">\r\n\r\n\t\t\t\t\r\n\t\t\t\t<div class=\"elementor-widget-wrap elementor-element-populated\">\r\n\t\t\t\t\t\t\t\t\t\t\r\n\t\t\t\t\t\t<div class=\"elementor-element elementor-element-25fb4a3 elementor-align-center elementor-widget elementor-widget-button\" data-id=\"25fb4a3\" data-element_type=\"widget\" data-widget_type=\"button.default\">\n\t\t\t\t<div class=\"elementor-widget-container\">\n\t\t\t\t\t\t\t\t\t<div class=\"elementor-button-wrapper\">\n\t\t\t\t\t<a class=\"elementor-button elementor-button-link elementor-size-sm\" href=\"https:\/\/www.facebook.com\/coercan\/posts\/pfbid02vu5iaUQK4VbLm6DeuA6xa1Y8eNyiLyav4mSudMxhaYqd36doiHRjC3PSYNVYVdUhl\">\n\t\t\t\t\t\t<span class=\"elementor-button-content-wrapper\">\n\t\t\t\t\t\t\t\t\t<span class=\"elementor-button-text\">\u00a1Vota aqu\u00ed por tu favorito!<\/span>\n\t\t\t\t\t<\/span>\n\t\t\t\t\t<\/a>\n\t\t\t\t<\/div>\n\t\t\t\t\t\t\t\t<\/div>\n\t\t\t\t<\/div>\n\t\t\t\t\t\t<\/div>\r\n\t\t\t\t<\/div>\r\n\t\t\t\t\t\t\t\t<\/div>\r\n\t\t\t<\/section>\r\n\t\t\t\t\t<\/div>\n\t\t","protected":false},"excerpt":{"rendered":"<p>Establecimientos participantes en la 46 edici\u00f3n del Concurso de Escaparates de Santander \u00a1Vota aqu\u00ed por tu favorito! 3er Tiempo Tienda de Cervezas &#8211; Plaza de la Esperanza 6 A tu estilo &#8211; C\/ De los Abedules N\u00ba 10 Academia de Ingl\u00e9s Kids&amp;Us &#8211; Alameda Moda &#8211; C\/ Narciso Cuevas 7 Alimentaci\u00f3n Diferente &#8211; C\/ Joaqu\u00edn [&hellip;]<\/p>\n","protected":false},"author":2,"featured_media":3476,"comment_status":"closed","ping_status":"closed","sticky":false,"template":"","format":"standard","meta":{"_acf_changed":false,"_monsterinsights_skip_tracking":false,"_monsterinsights_sitenote_active":false,"_monsterinsights_sitenote_note":"","_monsterinsights_sitenote_category":0,"footnotes":""},"categories":[64],"tags":[21],"class_list":["post-3489","post","type-post","status-publish","format-standard","has-post-thumbnail","hentry","category-campanas","tag-concurso-escaparates"],"acf":[],"_links":{"self":[{"href":"https:\/\/coercan.net\/index.php?rest_route=\/wp\/v2\/posts\/3489","targetHints":{"allow":["GET"]}}],"collection":[{"href":"https:\/\/coercan.net\/index.php?rest_route=\/wp\/v2\/posts"}],"about":[{"href":"https:\/\/coercan.net\/index.php?rest_route=\/wp\/v2\/types\/post"}],"author":[{"embeddable":true,"href":"https:\/\/coercan.net\/index.php?rest_route=\/wp\/v2\/users\/2"}],"replies":[{"embeddable":true,"href":"https:\/\/coercan.net\/index.php?rest_route=%2Fwp%2Fv2%2Fcomments&post=3489"}],"version-history":[{"count":22,"href":"https:\/\/coercan.net\/index.php?rest_route=\/wp\/v2\/posts\/3489\/revisions"}],"predecessor-version":[{"id":3540,"href":"https:\/\/coercan.net\/index.php?rest_route=\/wp\/v2\/posts\/3489\/revisions\/3540"}],"wp:featuredmedia":[{"embeddable":true,"href":"https:\/\/coercan.net\/index.php?rest_route=\/wp\/v2\/media\/3476"}],"wp:attachment":[{"href":"https:\/\/coercan.net\/index.php?rest_route=%2Fwp%2Fv2%2Fmedia&parent=3489"}],"wp:term":[{"taxonomy":"category","embeddable":true,"href":"https:\/\/coercan.net\/index.php?rest_route=%2Fwp%2Fv2%2Fcategories&post=3489"},{"taxonomy":"post_tag","embeddable":true,"href":"https:\/\/coercan.net\/index.php?rest_route=%2Fwp%2Fv2%2Ftags&post=3489"}],"curies":[{"name":"wp","href":"https:\/\/api.w.org\/{rel}","templated":true}]}}