{"id":3542,"date":"2024-01-05T11:02:09","date_gmt":"2024-01-05T10:02:09","guid":{"rendered":"https:\/\/coercan.net\/?p=3542"},"modified":"2024-01-11T10:57:19","modified_gmt":"2024-01-11T09:57:19","slug":"joyeria-matra-gana-la-46-edicion-del-concurso-de-escaparates-de-santander","status":"publish","type":"post","link":"https:\/\/coercan.net\/?p=3542","title":{"rendered":"Joyer\u00eda Matra gana la 46 edici\u00f3n del Concurso de Escaparates de Santander"},"content":{"rendered":"\t\t<div data-elementor-type=\"wp-post\" data-elementor-id=\"3542\" class=\"elementor elementor-3542\">\n\t\t\t\t\t\t<section class=\" elementor-section elementor-top-section elementor-element elementor-element-4fc078e elementor-section-boxed elementor-section-height-default elementor-section-height-default smart-sticky-default\" data-id=\"4fc078e\" data-element_type=\"section\">\r\n\t\t\t\t\t\t\t\t<div class=\"elementor-container elementor-column-gap-default\">\r\n\t\t\t\t\r\n\t\t\t\t\t\t\t\t<div class=\" elementor-column elementor-col-100 elementor-top-column elementor-element elementor-element-56bd6cd \" data-id=\"56bd6cd\" data-element_type=\"column\">\r\n\r\n\t\t\t\t\r\n\t\t\t\t<div class=\"elementor-widget-wrap elementor-element-populated\">\r\n\t\t\t\t\t\t\t\t\t\t\r\n\t\t\t\t\t\t<div class=\"elementor-element elementor-element-4c736a0 elementor-widget elementor-widget-heading\" data-id=\"4c736a0\" data-element_type=\"widget\" data-widget_type=\"heading.default\">\n\t\t\t\t<div class=\"elementor-widget-container\">\n\t\t\t\t\t<h4 class=\"elementor-heading-title elementor-size-default\">Los establecimientos Cala's Floristas y Estilistas Look At Me obtuvieron el segundo y tercer premio respectivamente<\/h4>\t\t\t\t<\/div>\n\t\t\t\t<\/div>\n\t\t\t\t\t\t<\/div>\r\n\t\t\t\t<\/div>\r\n\t\t\t\t\t\t\t\t<\/div>\r\n\t\t\t<\/section>\r\n\t\t\t\t\t<section class=\" elementor-section elementor-top-section elementor-element elementor-element-fe04bd6 elementor-section-boxed elementor-section-height-default elementor-section-height-default smart-sticky-default\" data-id=\"fe04bd6\" data-element_type=\"section\">\r\n\t\t\t\t\t\t\t\t<div class=\"elementor-container elementor-column-gap-default\">\r\n\t\t\t\t\r\n\t\t\t\t\t\t\t\t<div class=\" elementor-column elementor-col-100 elementor-top-column elementor-element elementor-element-c0ad1b2 \" data-id=\"c0ad1b2\" data-element_type=\"column\">\r\n\r\n\t\t\t\t\r\n\t\t\t\t<div class=\"elementor-widget-wrap elementor-element-populated\">\r\n\t\t\t\t\t\t\t\t\t\t\r\n\t\t\t\t\t\t<div class=\"elementor-element elementor-element-26f589f elementor-widget elementor-widget-heading\" data-id=\"26f589f\" data-element_type=\"widget\" data-widget_type=\"heading.default\">\n\t\t\t\t<div class=\"elementor-widget-container\">\n\t\t\t\t\t<h4 class=\"elementor-heading-title elementor-size-default\">El comercio m\u00e1s votado en redes sociales fue la florister\u00eda Bea, la de las Flores<\/h4>\t\t\t\t<\/div>\n\t\t\t\t<\/div>\n\t\t\t\t\t\t<\/div>\r\n\t\t\t\t<\/div>\r\n\t\t\t\t\t\t\t\t<\/div>\r\n\t\t\t<\/section>\r\n\t\t\t\t\t<section class=\" elementor-section elementor-top-section elementor-element elementor-element-b85b0b9 elementor-section-boxed elementor-section-height-default elementor-section-height-default smart-sticky-default\" data-id=\"b85b0b9\" data-element_type=\"section\">\r\n\t\t\t\t\t\t\t\t<div class=\"elementor-container elementor-column-gap-default\">\r\n\t\t\t\t\r\n\t\t\t\t\t\t\t\t<div class=\" elementor-column elementor-col-100 elementor-top-column elementor-element elementor-element-d92253d \" data-id=\"d92253d\" data-element_type=\"column\">\r\n\r\n\t\t\t\t\r\n\t\t\t\t<div class=\"elementor-widget-wrap elementor-element-populated\">\r\n\t\t\t\t\t\t\t\t\t\t\r\n\t\t\t\t\t\t<div class=\"elementor-element elementor-element-4c3343b elementor-widget elementor-widget-image\" data-id=\"4c3343b\" data-element_type=\"widget\" data-widget_type=\"image.default\">\n\t\t\t\t<div class=\"elementor-widget-container\">\n\t\t\t\t\t\t\t\t\t\t\t\t\t\t\t<img fetchpriority=\"high\" decoding=\"async\" width=\"1024\" height=\"682\" src=\"https:\/\/coercan.net\/wp-content\/uploads\/2024\/01\/ganadores-1024x682.jpg\" class=\"attachment-large size-large wp-image-3544\" alt=\"\" srcset=\"https:\/\/coercan.net\/wp-content\/uploads\/2024\/01\/ganadores-1024x682.jpg 1024w, https:\/\/coercan.net\/wp-content\/uploads\/2024\/01\/ganadores-768x512.jpg 768w\" sizes=\"(max-width: 1024px) 100vw, 1024px\" \/>\t\t\t\t\t\t\t\t\t\t\t\t\t\t\t<\/div>\n\t\t\t\t<\/div>\n\t\t\t\t\t\t<\/div>\r\n\t\t\t\t<\/div>\r\n\t\t\t\t\t\t\t\t<\/div>\r\n\t\t\t<\/section>\r\n\t\t\t\t\t<section class=\" elementor-section elementor-top-section elementor-element elementor-element-88f2a71 elementor-section-boxed elementor-section-height-default elementor-section-height-default smart-sticky-default\" data-id=\"88f2a71\" data-element_type=\"section\">\r\n\t\t\t\t\t\t\t\t<div class=\"elementor-container elementor-column-gap-default\">\r\n\t\t\t\t\r\n\t\t\t\t\t\t\t\t<div class=\" elementor-column elementor-col-100 elementor-top-column elementor-element elementor-element-7af04e5 \" data-id=\"7af04e5\" data-element_type=\"column\">\r\n\r\n\t\t\t\t\r\n\t\t\t\t<div class=\"elementor-widget-wrap elementor-element-populated\">\r\n\t\t\t\t\t\t\t\t\t\t\r\n\t\t\t\t\t\t<div class=\"elementor-element elementor-element-b163024 elementor-widget elementor-widget-text-editor\" data-id=\"b163024\" data-element_type=\"widget\" data-widget_type=\"text-editor.default\">\n\t\t\t\t<div class=\"elementor-widget-container\">\n\t\t\t\t\t\t\t\t\t<p>El comercio Joyer\u00eda Matra, situado en la calle Isabel II 19, ha sido el ganador de la 46 edici\u00f3n del Concurso de Escaparates de Santander, organizado por la Federaci\u00f3n del Comercio de Cantabria \u2013 COERCAN con la colaboraci\u00f3n de la Consejer\u00eda de Industria, Empleo, Innnovaci\u00f3n y Comercio del Gobierno de Cantabria, el Ayuntamiento de Santander y la Asociaci\u00f3n de Comerciantes de Santander \u2013 ACEAS.<\/p><p>Joyer\u00eda Matra ha sido escogido por el jurado entre los 133 comercios que han participado en esta edici\u00f3n del concurso, que un a\u00f1o m\u00e1s ha superado las cifras de participaci\u00f3n de ediciones anteriores. Su premio consiste en una placa conmemorativa, una campa\u00f1a promocional en las pantallas del TUS y media p\u00e1gina de publicidad en El Diario Monta\u00f1\u00e9s.<\/p><p>Los ganadores del segundo y tercer premio han sido los establecimientos Cala\u2019s Floristas (C\/ Guevara 24) y Estilistas Look At Me (C\/ San Luis 31), que han recibido como regalo su correspondiente placa conmemorativa, una tablet y una campa\u00f1a promocional en las pantallas del TUS.<\/p><p>En cuanto al establecimiento m\u00e1s votado en redes sociales, este a\u00f1o el premio ha reca\u00eddo en la florister\u00eda \u201cBea, la de las Flores\u201d, ubicada en la calle Alta 109. Esta edici\u00f3n ha registrado la mayor participaci\u00f3n del p\u00fablico desde que se incluy\u00f3 esta categor\u00eda en el concurso, con m\u00e1s de 2.300 votos emitidos por los usuarios.<\/p><p>En esta edici\u00f3n se otorg\u00f3 tambi\u00e9n una menci\u00f3n especial al escaparate de Peluquer\u00eda Sylvia Fern\u00e1ndez, elaborado en homenaje a Manuel Manrique, joven fallecido en accidente de moto, por el que se le entreg\u00f3 una placa conmemorativa.<\/p><p>Los premios se entregaron en un evento celebrado en el Hotel Bah\u00eda de Santander, al que acudieron Rosendo Ruiz, director general de Comercio del Gobierno de Cantabria, Lorena Guti\u00e9rrez, concejala de Barrios, Participaci\u00f3n Ciudadana y Servicios Generales del Ayuntamiento de Santander, Miguel \u00c1ngel Cuerno, presidente de COERCAN, Tom\u00e1s Dasgoas, presidente de la C\u00e1mara de Comercio de Cantabria, y varios representantes de asociaciones del sector integradas en COERCAN, adem\u00e1s de numerosos titulares de los comercios participantes en el concurso.<\/p><p>En el evento, adem\u00e1s de la entrega de premios, se pudo disfrutar de actuaciones musicales y del sorteo de regalos entre los participantes de esta edici\u00f3n, que incluyeron tablets, videoc\u00e1maras, cadenas musicales, barras de sonido, multipases pases familiares para Cab\u00e1rceno cedidos por Cantur y un pase VIP aportado por el Centro Bot\u00edn. El acto concluy\u00f3 con un vino espa\u00f1ol.<\/p>\t\t\t\t\t\t\t\t<\/div>\n\t\t\t\t<\/div>\n\t\t\t\t\t\t<\/div>\r\n\t\t\t\t<\/div>\r\n\t\t\t\t\t\t\t\t<\/div>\r\n\t\t\t<\/section>\r\n\t\t\t\t\t<section class=\" elementor-section elementor-top-section elementor-element elementor-element-b2e6394 elementor-section-boxed elementor-section-height-default elementor-section-height-default smart-sticky-default\" data-id=\"b2e6394\" data-element_type=\"section\">\r\n\t\t\t\t\t\t\t\t<div class=\"elementor-container elementor-column-gap-default\">\r\n\t\t\t\t\r\n\t\t\t\t\t\t\t\t<div class=\" elementor-column elementor-col-100 elementor-top-column elementor-element elementor-element-63c299c \" data-id=\"63c299c\" data-element_type=\"column\">\r\n\r\n\t\t\t\t\r\n\t\t\t\t<div class=\"elementor-widget-wrap elementor-element-populated\">\r\n\t\t\t\t\t\t\t\t\t\t\r\n\t\t\t\t\t\t<div class=\"elementor-element elementor-element-c52f7b0 elementor-widget elementor-widget-video\" data-id=\"c52f7b0\" data-element_type=\"widget\" data-settings=\"{&quot;youtube_url&quot;:&quot;https:\\\/\\\/youtu.be\\\/pO0puLfIB5w?si=r6xLXanImeUogMVl&quot;,&quot;video_type&quot;:&quot;youtube&quot;,&quot;controls&quot;:&quot;yes&quot;}\" data-widget_type=\"video.default\">\n\t\t\t\t<div class=\"elementor-widget-container\">\n\t\t\t\t\t\t\t<div class=\"elementor-wrapper elementor-open-inline\">\n\t\t\t<div class=\"elementor-video\"><\/div>\t\t<\/div>\n\t\t\t\t\t\t<\/div>\n\t\t\t\t<\/div>\n\t\t\t\t\t\t<\/div>\r\n\t\t\t\t<\/div>\r\n\t\t\t\t\t\t\t\t<\/div>\r\n\t\t\t<\/section>\r\n\t\t\t\t\t<\/div>\n\t\t","protected":false},"excerpt":{"rendered":"<p>El comercio Joyer\u00eda Matra, situado en la calle Isabel II 19, ha sido el ganador de la 46 edici\u00f3n del Concurso de Escaparates de Santander. Los establecimientos Cala\u2019s Floristas y Estilistas Look At Me obtuvieron el segundo y tercer premio respectivamente.<\/p>\n","protected":false},"author":2,"featured_media":3544,"comment_status":"closed","ping_status":"closed","sticky":false,"template":"","format":"standard","meta":{"_acf_changed":false,"_monsterinsights_skip_tracking":false,"_monsterinsights_sitenote_active":false,"_monsterinsights_sitenote_note":"","_monsterinsights_sitenote_category":0,"footnotes":""},"categories":[2],"tags":[4],"class_list":["post-3542","post","type-post","status-publish","format-standard","has-post-thumbnail","hentry","category-noticias","tag-noticias"],"acf":[],"_links":{"self":[{"href":"https:\/\/coercan.net\/index.php?rest_route=\/wp\/v2\/posts\/3542","targetHints":{"allow":["GET"]}}],"collection":[{"href":"https:\/\/coercan.net\/index.php?rest_route=\/wp\/v2\/posts"}],"about":[{"href":"https:\/\/coercan.net\/index.php?rest_route=\/wp\/v2\/types\/post"}],"author":[{"embeddable":true,"href":"https:\/\/coercan.net\/index.php?rest_route=\/wp\/v2\/users\/2"}],"replies":[{"embeddable":true,"href":"https:\/\/coercan.net\/index.php?rest_route=%2Fwp%2Fv2%2Fcomments&post=3542"}],"version-history":[{"count":8,"href":"https:\/\/coercan.net\/index.php?rest_route=\/wp\/v2\/posts\/3542\/revisions"}],"predecessor-version":[{"id":3557,"href":"https:\/\/coercan.net\/index.php?rest_route=\/wp\/v2\/posts\/3542\/revisions\/3557"}],"wp:featuredmedia":[{"embeddable":true,"href":"https:\/\/coercan.net\/index.php?rest_route=\/wp\/v2\/media\/3544"}],"wp:attachment":[{"href":"https:\/\/coercan.net\/index.php?rest_route=%2Fwp%2Fv2%2Fmedia&parent=3542"}],"wp:term":[{"taxonomy":"category","embeddable":true,"href":"https:\/\/coercan.net\/index.php?rest_route=%2Fwp%2Fv2%2Fcategories&post=3542"},{"taxonomy":"post_tag","embeddable":true,"href":"https:\/\/coercan.net\/index.php?rest_route=%2Fwp%2Fv2%2Ftags&post=3542"}],"curies":[{"name":"wp","href":"https:\/\/api.w.org\/{rel}","templated":true}]}}