{"id":3749,"date":"2024-12-13T19:34:05","date_gmt":"2024-12-13T18:34:05","guid":{"rendered":"https:\/\/coercan.net\/?p=3749"},"modified":"2024-12-16T09:08:23","modified_gmt":"2024-12-16T08:08:23","slug":"47-concurso-de-escaparates-de-santander-establecimientos-participantes","status":"publish","type":"post","link":"https:\/\/coercan.net\/?p=3749","title":{"rendered":"47 Concurso de Escaparates de Santander &#8211; Establecimientos participantes"},"content":{"rendered":"\t\t<div data-elementor-type=\"wp-post\" data-elementor-id=\"3749\" class=\"elementor elementor-3749\">\n\t\t\t\t\t\t<section class=\" elementor-section elementor-top-section elementor-element elementor-element-e27585c elementor-section-boxed elementor-section-height-default elementor-section-height-default smart-sticky-default\" data-id=\"e27585c\" data-element_type=\"section\">\r\n\t\t\t\t\t\t\t\t<div class=\"elementor-container elementor-column-gap-default\">\r\n\t\t\t\t\r\n\t\t\t\t\t\t\t\t<div class=\" elementor-column elementor-col-100 elementor-top-column elementor-element elementor-element-17b70cd \" data-id=\"17b70cd\" data-element_type=\"column\">\r\n\r\n\t\t\t\t\r\n\t\t\t\t<div class=\"elementor-widget-wrap elementor-element-populated\">\r\n\t\t\t\t\t\t\t\t\t\t\r\n\t\t\t\t\t\t<div class=\"elementor-element elementor-element-643d100 elementor-widget elementor-widget-image\" data-id=\"643d100\" data-element_type=\"widget\" data-widget_type=\"image.default\">\n\t\t\t\t<div class=\"elementor-widget-container\">\n\t\t\t\t\t\t\t\t\t\t\t\t\t\t\t<img fetchpriority=\"high\" decoding=\"async\" width=\"1024\" height=\"538\" src=\"https:\/\/coercan.net\/wp-content\/uploads\/2024\/12\/imgEscaparates2024-1024x538.jpg\" class=\"attachment-large size-large wp-image-3716\" alt=\"47 Concurso de Escaparates de Santander\" srcset=\"https:\/\/coercan.net\/wp-content\/uploads\/2024\/12\/imgEscaparates2024-1024x538.jpg 1024w, https:\/\/coercan.net\/wp-content\/uploads\/2024\/12\/imgEscaparates2024-768x403.jpg 768w\" sizes=\"(max-width: 1024px) 100vw, 1024px\" \/>\t\t\t\t\t\t\t\t\t\t\t\t\t\t\t<\/div>\n\t\t\t\t<\/div>\n\t\t\t\t\t\t<\/div>\r\n\t\t\t\t<\/div>\r\n\t\t\t\t\t\t\t\t<\/div>\r\n\t\t\t<\/section>\r\n\t\t\t\t\t<section class=\" elementor-section elementor-top-section elementor-element elementor-element-dac309a elementor-section-boxed elementor-section-height-default elementor-section-height-default smart-sticky-default\" data-id=\"dac309a\" data-element_type=\"section\">\r\n\t\t\t\t\t\t\t\t<div class=\"elementor-container elementor-column-gap-default\">\r\n\t\t\t\t\r\n\t\t\t\t\t\t\t\t<div class=\" elementor-column elementor-col-100 elementor-top-column elementor-element elementor-element-c66e9da \" data-id=\"c66e9da\" data-element_type=\"column\">\r\n\r\n\t\t\t\t\r\n\t\t\t\t<div class=\"elementor-widget-wrap elementor-element-populated\">\r\n\t\t\t\t\t\t\t\t\t\t\r\n\t\t\t\t\t\t<div class=\"elementor-element elementor-element-09338ec elementor-widget elementor-widget-text-editor\" data-id=\"09338ec\" data-element_type=\"widget\" data-widget_type=\"text-editor.default\">\n\t\t\t\t<div class=\"elementor-widget-container\">\n\t\t\t\t\t\t\t\t\t<ul><li><strong>3er Tiempo Tienda de Cervezas<\/strong> \u2013 Plaza de la Esperanza 6<\/li><li><strong>A tu estilo<\/strong> \u2013 C\/ De los Abedules N\u00ba 10<\/li><li><strong>Academia de Ingl\u00e9s Kids&amp;Us <\/strong>\u2013<\/li><li><strong>Alameda Moda<\/strong> \u2013 C\/ Narciso Cuevas 7<\/li><li><strong>Alimentaci\u00f3n Diferente<\/strong> \u2013 C\/ Joaqu\u00edn Costa 28<\/li><li><strong>Alimentaci\u00f3n Diferente<\/strong> \u2013 C\/ Vargas 55<\/li><li><strong>Almacen de vinos La Cascada<\/strong> \u2013 C\/ Joaquin Bustamante 14 L 22<\/li><li><strong>Almacenes Mariana<\/strong> \u2013 C\/ Camilo Alonso Vega 26<\/li><li><strong>Alta Fotografia<\/strong> \u2013 C\/ Justicia 2<\/li><li><strong>Andrew<\/strong> \u2013 C\/ Isabel II 30<\/li><li><strong>Arreglos de ropa R&amp;T<\/strong>\u00a0\u2013 C\/ Floranes 29\u00a0<\/li><li><strong>Bagheera<\/strong> \u2013 C\/ San Fernando 86<\/li><li><strong>Banak Santander<\/strong> &#8211; C\/ Hern\u00e1n Cort\u00e9s 37<\/li><li><strong>Bea la de las Flores <\/strong>\u2013 C\/ Alta 109<\/li><li><strong>Best Estilistas (Peluquer\u00eda Lourdes G\u00f3mez)<\/strong> \u2013 C\/ Alonso 12<\/li><li><strong>By Santamaria Moda y Complementos<\/strong> \u2013 C\/ Florida n\u00ba 1<\/li><li><strong>Cadeneta<\/strong> \u2013 C\/ Floranes 50<\/li><li><strong>Cala\u2019s Floristas<\/strong> \u2013 C\/ Guevara 24<\/li><li><strong>Calzados L\u00faa<\/strong> \u2013 C\/ Lealtad 20<\/li><li><strong>Carmelo Hinojal Fotograf\u00eda Creativa<\/strong> \u2013 C\/ Cadiz 3 Entlo Izda \/ Rampa Sotileza<\/li><li><strong>Carnes Miguel<\/strong> \u2013 C\/ San Fernando 42<\/li><li><strong>Cartago<\/strong> \u2013 C\/ Floranes 27<\/li><li><strong>Centro Auditivo Clinico OYE +<\/strong> \u2013 C\/ Burgos 6<\/li><li><strong>Charcuter\u00eda Carnicer\u00eda Manuel Alonso<\/strong> \u2013 C\/ General D\u00e1vila 314<\/li><li><strong>Clinica Veterinaria Bahia<\/strong> \u2013 C\/ Antonio Lopez 18<\/li><li><strong>Cloe <\/strong>\u2013 C\/ Camilo Alonso Vega 10<\/li><li><strong>Confecciones Bah\u00eda <\/strong>\u2013 C\/ General Moscard\u00f3<\/li><li><strong>Confecciones Espa\u00f1a<\/strong> \u2013 C\/ Floranes 60<\/li><li><strong>Confecciones Labor<\/strong> \u2013 C\/ Daoiz y Velarde 3<\/li><li><strong>Copysla<\/strong> \u2013 C\/ Vargas 7<\/li><li><strong>Crios Infantil<\/strong> \u2013 C\/ Narciso Cuevas 7<\/li><li><strong>Cristalvent <\/strong>\u2013 C\/ Miguel Artigas 6<\/li><li><strong>Crusole<\/strong> \u2013 C\/ Jer\u00f3nimo S\u00e1inz de la Maza 1-3<\/li><li><strong>C-system<\/strong> \u2013 C\/ Vargas 57 E<\/li><li><strong>Cuarzo Santander<\/strong> \u2013 C\/ Francisco de Quevedo 11 Bajo<\/li><li><strong>Defoto <\/strong>\u2013 C\/ Ruiz Zorrilla 16 bajo<\/li><li><strong>Del Rosa al Amarillo<\/strong> \u2013 C\/ Hernan Cortes 45<\/li><li><strong>Detalles Yolanda Celis<\/strong> \u2013 C\/ Marques de la Hermida 44<\/li><li><strong>Dinast\u00eda Peluqueras<\/strong> \u2013 C\/ Mies del Valle 2<\/li><li><strong>Do\u00f1a Tomasa<\/strong> \u2013 C\/ Hernan Cort\u00e9s 37<\/li><li><strong>Do\u00f1a Tomasa <\/strong>\u2013 C\/ Panam\u00e1 1<\/li><li><strong>El Ajuar de la Novia y del Bebe<\/strong> \u2013 C\/ Camilo Alonso Vega 1<\/li><li><strong>El Rincon de Nicole<\/strong> \u2013 C\/ Ruamayor 2<\/li><li><strong>Electrodom\u00e9sticos Rivero <\/strong>\u2013 C\/ Nicol\u00e1s Salmer\u00f3n 6<\/li><li><strong>Elisa Moda<\/strong> \u2013 C\/ San Fernando 16<\/li><li><strong>En Palmitas <\/strong>\u2013 C\/ San Mart\u00edn del Pino 28<\/li><li><strong>Enmarcaciones Los Andes <\/strong>\u2013 C\/ General D\u00e1vila 266<\/li><li><strong>Enmarcaciones Sorto<\/strong> \u2013 C\/ Lope de Vega 28<\/li><li><strong>Entr3Olivos<\/strong> \u2013 C\/ San Jos\u00e9 17<\/li><li><strong>Est\u00e9tica Inma Mart\u00ednez<\/strong> \u2013 C\/ Jos\u00e9 Sim\u00f3n Cabarga 8E<\/li><li><strong>Est\u00e9tica Sublime<\/strong> \u2013 C\/ San Pedro del Mar 6<\/li><li><strong>Estudio de Manualidades Monika Huerga<\/strong> \u2013 C\/ Repuente 13 n\u00ba 12 Bajo Izda<\/li><li><strong>Farmacia Lanza <\/strong>\u2013 Avda. Herrera Oria 31<\/li><li><strong>Farmacia Patricia Diez Viadero <\/strong>\u2013 C\/ juan de la Cosa 2<\/li><li><strong>Flores Lucrecia<\/strong> \u2013 C\/ Vargas 57<\/li><li><strong>Florister\u00eda Hortensia <\/strong>\u2013 C\/ Albericia 19<\/li><li><strong>Guante Varad\u00e9<\/strong> \u2013 C\/ Ataulfo Argenta 8 Bajo<\/li><li><strong>Guarder\u00eda Color\u00edn Colorado<\/strong> \u2013 C\/ Jos\u00e9 Sim\u00f3n Cabarga 8E<\/li><li><strong>Herbolario Laurel<\/strong> \u2013 C\/ Vargas 15<\/li><li><strong>Identy&amp;Co<\/strong> \u2013 C\/ Emilio Pino, 1<\/li><li><strong>Identy&amp;Co<\/strong> \u2013 C\/ Jesus de Monasterio, 2<\/li><li><strong>Imaginarium <\/strong>\u2013 C\/ Lealtad 22<\/li><li><strong>Islacan <\/strong>\u2013 C\/ Floranes 29<\/li><li><strong>Jungla <\/strong>\u2013 C\/ Calderon de la Barca 4<\/li><li><strong>Kiosko Oky<\/strong> \u2013 C\/ San Mart\u00edn del Pino 23<\/li><li><strong>Komosy <\/strong>\u2013 C\/ San Francisco 21<\/li><li><strong>La Folie Santander <\/strong>\u2013 C\/ Hern\u00e1n Cort\u00e9s 37<\/li><li><strong>La Novedad Confeccion de Caballero<\/strong> \u2013 C\/ Ataulfo Argenta 2<\/li><li><strong>La Osita<\/strong> \u2013 C\/ Mendez Nu\u00f1ez 9<\/li><li><strong>Lamoi Atelier<\/strong> \u2013 C\/ San Jose 22<\/li><li><strong>Las Floristas<\/strong> \u2013 Plaza Los Remedios 2<\/li><li><strong>Lencer\u00eda Perfumer\u00eda Majoss<\/strong> \u2013 C\/ L\u00e1baro 3<\/li><li><strong>Lenceria Saten<\/strong> \u2013 C\/ Rualasal n\u00ba 3<\/li><li><strong>Librer\u00eda Ediciones Tant\u00edn<\/strong> \u2013 C\/ Camilo Alonso Vega 10<\/li><li><strong>Los Secretos de Mam\u00e1<\/strong> \u2013 C\/ Alonso 5<\/li><li><strong>Luna Organic<\/strong> \u2013 C\/ Cervantes 13<\/li><li><strong>Macniacos<\/strong> \u2013 C\/ C\u00e1diz 10<\/li><li><strong>Mawikito <\/strong>\u2013 Av. Valdecilla 23<\/li><li><strong>Mikkum Korean Beauty Secrets <\/strong>\u2013 C\/ San Francisco 4<\/li><li><strong>Multi\u00f3pticas <\/strong>\u2013 C\/ Jes\u00fas de Monaster\u00edo 3<\/li><li><strong>Natural Santander<\/strong> \u2013 C\/ Ruiz Zorrilla 9<\/li><li><strong>Olga Costas Peluqueria<\/strong> \u2013 C\/ San Pedro del Mar 6 A<\/li><li><strong>Optica Sur<\/strong> \u2013 C\/ San Jos\u00e9 20<\/li><li><strong>Papelnor <\/strong>\u2013 C\/ C\u00e1diz 9<\/li><li><strong>Parag\u00fceria Niagara<\/strong> \u2013 C\/ Cervantes 3<\/li><li><strong>Parcu <\/strong>\u2013 C\/ San Emeterio 7<\/li><li><strong>Pasteler\u00eda Sucre <\/strong>\u2013 C\/ Santa Luc\u00eda 26<\/li><li><strong>Paz G\u00f3mez Moda Flamenca<\/strong> \u2013 C\/ San Fernando 72 interior<\/li><li><strong>Peluqueria Carmen Mart\u00edn<\/strong> \u2013 C\/ Floranes 29 Bajo<\/li><li><strong>Peluquer\u00eda In\u00e9s Gonz\u00e1lez <\/strong>\u2013 C\/ General D\u00e1vila 224<\/li><li><strong>Peluquer\u00eda Look at Me <\/strong>\u2013 C\/ San Luis 31<\/li><li><strong>Peluqueria Nuria Pando<\/strong> \u2013 C\/ Alfereces Provisionales 5<\/li><li><strong>Peluqueria Pilar Santamaria<\/strong> \u2013 C\/ Vargas 59<\/li><li><strong>Peluqueria Piu Bella<\/strong> \u2013 C\/ Hern\u00e1n Cort\u00e9s 12<\/li><li><strong>Peluquer\u00eda Sylvia Fernandez<\/strong> \u2013 C\/ Isaac Peral n\u00ba 34<\/li><li><strong>Peluquer\u00eda Wonder<\/strong> \u2013 C\/ Isabel II, 8<\/li><li><strong>Peluquer\u00eda y Est\u00e9tica Karla Alonso<\/strong> \u2013 C\/ Castilla 67<\/li><li><strong>Peluquer\u00eda Yoan <\/strong>\u2013 C\/ San Luis 3<\/li><li><strong>Pickin\u2019 Pack<\/strong> \u2013 C\/ Floranes 23<\/li><li><strong>Pili&amp;Mili<\/strong> \u2013 C\/ San Luis 8 Bajo Izda<\/li><li><strong>Pisamonas <\/strong>\u2013 C\/ Juan de Herrera 10<\/li><li><strong>Regalazos <\/strong>\u2013 Av. Primero de Mayo local 165<\/li><li><strong>Regate Sport<\/strong> \u2013 C\/ Calder\u00f3n de La Barca 15<\/li><li><strong>Rosana Herbodietetica<\/strong> \u2013 C\/ General Davila 240<\/li><li><strong>Sal\u00f3n 21<\/strong> \u2013 C\/ Guevara 21<\/li><li><strong>Sapporo <\/strong>\u2013 C\/ Camilo Alonso Vega n\u00ba 12<\/li><li><strong>Seguros Generali<\/strong> \u2013 C\/ Tres de Noviembre 34<\/li><li><strong>SFC Servicios Fotogr\u00e1ficos C\u00e1ntabros<\/strong> \u2013 C\/ C\u00e1diz 12<\/li><li><strong>Sielen Estilistas<\/strong> \u2013 C\/ San Jos\u00e9 16<\/li><li><strong>Siempre S\u00e1bado <\/strong>\u2013 C\/ Floranes 40<\/li><li><strong>Sion Peluqueros<\/strong> \u2013 C\/ Luis Hoyos Sainz 4<\/li><li><strong>SIRPrint Santander<\/strong> \u2013 C\/ Alta 109<\/li><li><strong>Smile<\/strong> \u2013 C\/ Lealtad 12<\/li><li><strong>Solo las Puntas by Lorena Cano<\/strong> \u2013 C\/ Camilo Alonso Vega 1<\/li><li><strong>Subastas Poncho<\/strong> \u2013 C\/ Amos de Escalante 10<\/li><li><strong>Tienda Cosio<\/strong> \u2013 C\/ Vargas 43<\/li><li><strong>Toni Barros Pasteler\u00eda<\/strong> \u2013 C\/ Rubio 1<\/li><li><strong>Trazos y Tintos <\/strong>\u2013 Paseo Men\u00e9ndez Pelayo 14 bajo 3<\/li><li><strong>Urban Box<\/strong> \u2013 Plaza Numancia 5<\/li><li><strong>Via Condotti<\/strong> \u2013 C\/ Rualasal 19<\/li><li><strong>Zubieta Fotograf\u00eda<\/strong> \u2013 C\/ Hern\u00e1n Cort\u00e9s 17<\/li><\/ul>\t\t\t\t\t\t\t\t<\/div>\n\t\t\t\t<\/div>\n\t\t\t\t\t\t<\/div>\r\n\t\t\t\t<\/div>\r\n\t\t\t\t\t\t\t\t<\/div>\r\n\t\t\t<\/section>\r\n\t\t\t\t\t<\/div>\n\t\t","protected":false},"excerpt":{"rendered":"<p>Establecimientos participantes en el 47 Concurso de Escaparates de Santander<\/p>\n","protected":false},"author":2,"featured_media":3716,"comment_status":"closed","ping_status":"closed","sticky":false,"template":"","format":"standard","meta":{"_acf_changed":false,"_monsterinsights_skip_tracking":false,"_monsterinsights_sitenote_active":false,"_monsterinsights_sitenote_note":"","_monsterinsights_sitenote_category":0,"footnotes":""},"categories":[64],"tags":[21],"class_list":["post-3749","post","type-post","status-publish","format-standard","has-post-thumbnail","hentry","category-campanas","tag-concurso-escaparates"],"acf":[],"_links":{"self":[{"href":"https:\/\/coercan.net\/index.php?rest_route=\/wp\/v2\/posts\/3749","targetHints":{"allow":["GET"]}}],"collection":[{"href":"https:\/\/coercan.net\/index.php?rest_route=\/wp\/v2\/posts"}],"about":[{"href":"https:\/\/coercan.net\/index.php?rest_route=\/wp\/v2\/types\/post"}],"author":[{"embeddable":true,"href":"https:\/\/coercan.net\/index.php?rest_route=\/wp\/v2\/users\/2"}],"replies":[{"embeddable":true,"href":"https:\/\/coercan.net\/index.php?rest_route=%2Fwp%2Fv2%2Fcomments&post=3749"}],"version-history":[{"count":11,"href":"https:\/\/coercan.net\/index.php?rest_route=\/wp\/v2\/posts\/3749\/revisions"}],"predecessor-version":[{"id":3912,"href":"https:\/\/coercan.net\/index.php?rest_route=\/wp\/v2\/posts\/3749\/revisions\/3912"}],"wp:featuredmedia":[{"embeddable":true,"href":"https:\/\/coercan.net\/index.php?rest_route=\/wp\/v2\/media\/3716"}],"wp:attachment":[{"href":"https:\/\/coercan.net\/index.php?rest_route=%2Fwp%2Fv2%2Fmedia&parent=3749"}],"wp:term":[{"taxonomy":"category","embeddable":true,"href":"https:\/\/coercan.net\/index.php?rest_route=%2Fwp%2Fv2%2Fcategories&post=3749"},{"taxonomy":"post_tag","embeddable":true,"href":"https:\/\/coercan.net\/index.php?rest_route=%2Fwp%2Fv2%2Ftags&post=3749"}],"curies":[{"name":"wp","href":"https:\/\/api.w.org\/{rel}","templated":true}]}}