{"id":3765,"date":"2025-01-03T12:28:28","date_gmt":"2025-01-03T11:28:28","guid":{"rendered":"https:\/\/coercan.net\/?p=3765"},"modified":"2025-01-03T12:39:55","modified_gmt":"2025-01-03T11:39:55","slug":"banak-santander-ganador-de-47-concurso-de-escaparates-de-santander","status":"publish","type":"post","link":"https:\/\/coercan.net\/?p=3765","title":{"rendered":"Banak Santander, ganador del 47 Concurso de Escaparates de Santander"},"content":{"rendered":"\t\t<div data-elementor-type=\"wp-post\" data-elementor-id=\"3765\" class=\"elementor elementor-3765\">\n\t\t\t\t\t\t<section class=\" elementor-section elementor-top-section elementor-element elementor-element-bfe8904 elementor-section-boxed elementor-section-height-default elementor-section-height-default smart-sticky-default\" data-id=\"bfe8904\" data-element_type=\"section\">\r\n\t\t\t\t\t\t\t\t<div class=\"elementor-container elementor-column-gap-default\">\r\n\t\t\t\t\r\n\t\t\t\t\t\t\t\t<div class=\" elementor-column elementor-col-100 elementor-top-column elementor-element elementor-element-92807af \" data-id=\"92807af\" data-element_type=\"column\">\r\n\r\n\t\t\t\t\r\n\t\t\t\t<div class=\"elementor-widget-wrap elementor-element-populated\">\r\n\t\t\t\t\t\t\t\t\t\t\r\n\t\t\t\t\t\t<div class=\"elementor-element elementor-element-f5df36e elementor-widget elementor-widget-heading\" data-id=\"f5df36e\" data-element_type=\"widget\" data-widget_type=\"heading.default\">\n\t\t\t\t<div class=\"elementor-widget-container\">\n\t\t\t\t\t<h4 class=\"elementor-heading-title elementor-size-default\">Yolanda Celis Detalles y Paz G\u00f3mez Moda Flamenca han obtenido el segundo y tercer premio respectivamente<\/h4>\t\t\t\t<\/div>\n\t\t\t\t<\/div>\n\t\t\t\t\t\t<\/div>\r\n\t\t\t\t<\/div>\r\n\t\t\t\t\t\t\t\t<\/div>\r\n\t\t\t<\/section>\r\n\t\t\t\t\t<section class=\" elementor-section elementor-top-section elementor-element elementor-element-047702b elementor-section-boxed elementor-section-height-default elementor-section-height-default smart-sticky-default\" data-id=\"047702b\" data-element_type=\"section\">\r\n\t\t\t\t\t\t\t\t<div class=\"elementor-container elementor-column-gap-default\">\r\n\t\t\t\t\r\n\t\t\t\t\t\t\t\t<div class=\" elementor-column elementor-col-100 elementor-top-column elementor-element elementor-element-62da481 \" data-id=\"62da481\" data-element_type=\"column\">\r\n\r\n\t\t\t\t\r\n\t\t\t\t<div class=\"elementor-widget-wrap elementor-element-populated\">\r\n\t\t\t\t\t\t\t\t\t\t\r\n\t\t\t\t\t\t<div class=\"elementor-element elementor-element-d881f59 elementor-widget elementor-widget-heading\" data-id=\"d881f59\" data-element_type=\"widget\" data-widget_type=\"heading.default\">\n\t\t\t\t<div class=\"elementor-widget-container\">\n\t\t\t\t\t<h4 class=\"elementor-heading-title elementor-size-default\">Bea la de las Flores ha sido el comercio m\u00e1s votado en redes sociales<\/h4>\t\t\t\t<\/div>\n\t\t\t\t<\/div>\n\t\t\t\t\t\t<\/div>\r\n\t\t\t\t<\/div>\r\n\t\t\t\t\t\t\t\t<\/div>\r\n\t\t\t<\/section>\r\n\t\t\t\t\t<section class=\" elementor-section elementor-top-section elementor-element elementor-element-e5486fb elementor-section-boxed elementor-section-height-default elementor-section-height-default smart-sticky-default\" data-id=\"e5486fb\" data-element_type=\"section\">\r\n\t\t\t\t\t\t\t\t<div class=\"elementor-container elementor-column-gap-default\">\r\n\t\t\t\t\r\n\t\t\t\t\t\t\t\t<div class=\" elementor-column elementor-col-100 elementor-top-column elementor-element elementor-element-2324daf \" data-id=\"2324daf\" data-element_type=\"column\">\r\n\r\n\t\t\t\t\r\n\t\t\t\t<div class=\"elementor-widget-wrap elementor-element-populated\">\r\n\t\t\t\t\t\t\t\t\t\t\r\n\t\t\t\t\t\t<div class=\"elementor-element elementor-element-a93b0df elementor-widget elementor-widget-image\" data-id=\"a93b0df\" data-element_type=\"widget\" data-widget_type=\"image.default\">\n\t\t\t\t<div class=\"elementor-widget-container\">\n\t\t\t\t\t\t\t\t\t\t\t\t\t\t\t<img fetchpriority=\"high\" decoding=\"async\" width=\"1024\" height=\"768\" src=\"https:\/\/coercan.net\/wp-content\/uploads\/2025\/01\/escaparates2024-1024x768.jpg\" class=\"attachment-large size-large wp-image-3767\" alt=\"47 Concurso de Escaparates de Santander\" srcset=\"https:\/\/coercan.net\/wp-content\/uploads\/2025\/01\/escaparates2024-1024x768.jpg 1024w, https:\/\/coercan.net\/wp-content\/uploads\/2025\/01\/escaparates2024-768x576.jpg 768w\" sizes=\"(max-width: 1024px) 100vw, 1024px\" \/>\t\t\t\t\t\t\t\t\t\t\t\t\t\t\t<\/div>\n\t\t\t\t<\/div>\n\t\t\t\t\t\t<\/div>\r\n\t\t\t\t<\/div>\r\n\t\t\t\t\t\t\t\t<\/div>\r\n\t\t\t<\/section>\r\n\t\t\t\t\t<section class=\" elementor-section elementor-top-section elementor-element elementor-element-100a385 elementor-section-boxed elementor-section-height-default elementor-section-height-default smart-sticky-default\" data-id=\"100a385\" data-element_type=\"section\">\r\n\t\t\t\t\t\t\t\t<div class=\"elementor-container elementor-column-gap-default\">\r\n\t\t\t\t\r\n\t\t\t\t\t\t\t\t<div class=\" elementor-column elementor-col-100 elementor-top-column elementor-element elementor-element-8b3f358 \" data-id=\"8b3f358\" data-element_type=\"column\">\r\n\r\n\t\t\t\t\r\n\t\t\t\t<div class=\"elementor-widget-wrap elementor-element-populated\">\r\n\t\t\t\t\t\t\t\t\t\t\r\n\t\t\t\t\t\t<div class=\"elementor-element elementor-element-7d15d11 elementor-widget elementor-widget-text-editor\" data-id=\"7d15d11\" data-element_type=\"widget\" data-widget_type=\"text-editor.default\">\n\t\t\t\t<div class=\"elementor-widget-container\">\n\t\t\t\t\t\t\t\t\t<p>El establecimiento Banak Santander (C\/ Hern\u00e1n Cort\u00e9s 37), ha resultado ganador de la 47 edici\u00f3n del Concurso de Escaparates de Santander, organizado por la Federaci\u00f3n del Comercio de Cantabria \u2013 COERCAN con la colaboraci\u00f3n de la Consejer\u00eda de Industria, Empleo, Innovaci\u00f3n y Comercio del Gobierno de Cantabria, el Ayuntamiento de Santander y la Asociaci\u00f3n de Comerciantes de Santander \u2013 ACEAS.<\/p><p>Banak, elegido por el jurado entre los 121 comercios que han participado en esta edici\u00f3n, recibi\u00f3 como premio una placa conmemorativa, una campa\u00f1a promocional en las pantallas del TUS y media p\u00e1gina de publicidad en El Diario Monta\u00f1\u00e9s.<\/p><p>El segundo premio ha reca\u00eddo sobre Yolanda Celis Celis Detalles, situado en C\/ Marques de la Hermida 44, mientras que el tercer premio ha sido para Paz G\u00f3mez Moda Flamenca, ubicado en C\/ San Fernando 72. Ambos establecimientos han recibido como premio su correspondiente placa conmemorativa, una tablet y una campa\u00f1a promocional en las pantallas del TUS.<\/p><p>Por su parte, Bea la de las Flores (C\/ Alta 109) ha sido, por segundo a\u00f1o consecutivo, el comercio m\u00e1s votado en redes sociales, categor\u00eda que un a\u00f1o m\u00e1s ha contado con una importante participaci\u00f3n del p\u00fablico, que ha dejado miles de mensajes con sus votos.<\/p><p>Los premios se entregaron en un evento celebrado en el Hotel Bah\u00eda de Santander, al que acudieron Rosendo Ruiz, director general de Comercio del Gobierno de Cantabria, \u00c1lvaro Lav\u00edn, concejal de Innovaci\u00f3n, Comercio, Mercados y Relaciones Institucionales del Ayuntamiento de Santander, Gonzalo Cay\u00f3n, secretario general de COERCAN, Rosa Vega, directora de la C\u00e1mara de Comercio de Cantabria, y varios representantes de asociaciones del sector integradas en COERCAN, adem\u00e1s de numerosos titulares de los comercios participantes en el concurso.<\/p><p>Una vez entregados los premios se procedi\u00f3 al tradicional sorteo de regalos entre los establecimientos participantes presentes en el acto, que incluyeron tablets, discos duros externos, cafeteras, un pase VIP aportado por el Centro Bot\u00edn y un men\u00fa doble aportado por el Hotel Bah\u00eda. Durante el acto se pudo disfrutar de actuaciones musicales, y finaliz\u00f3 con un vino espa\u00f1ol.<\/p>\t\t\t\t\t\t\t\t<\/div>\n\t\t\t\t<\/div>\n\t\t\t\t\t\t<\/div>\r\n\t\t\t\t<\/div>\r\n\t\t\t\t\t\t\t\t<\/div>\r\n\t\t\t<\/section>\r\n\t\t\t\t\t<\/div>\n\t\t","protected":false},"excerpt":{"rendered":"<p>El establecimiento Banak Santander (C\/ Hern\u00e1n Cort\u00e9s 37), ha resultado ganador de la 47 edici\u00f3n del Concurso de Escaparates de Santander, organizado por la Federaci\u00f3n del Comercio de Cantabria \u2013 COERCAN con la colaboraci\u00f3n de la Consejer\u00eda de Industria, Empleo, Innovaci\u00f3n y Comercio del Gobierno de Cantabria, el Ayuntamiento de Santander y la Asociaci\u00f3n de Comerciantes de Santander \u2013 ACEAS.<\/p>\n","protected":false},"author":1,"featured_media":3767,"comment_status":"closed","ping_status":"closed","sticky":false,"template":"","format":"standard","meta":{"_acf_changed":false,"_monsterinsights_skip_tracking":false,"_monsterinsights_sitenote_active":false,"_monsterinsights_sitenote_note":"","_monsterinsights_sitenote_category":0,"footnotes":""},"categories":[2],"tags":[21,4],"class_list":["post-3765","post","type-post","status-publish","format-standard","has-post-thumbnail","hentry","category-noticias","tag-concurso-escaparates","tag-noticias"],"acf":[],"_links":{"self":[{"href":"https:\/\/coercan.net\/index.php?rest_route=\/wp\/v2\/posts\/3765","targetHints":{"allow":["GET"]}}],"collection":[{"href":"https:\/\/coercan.net\/index.php?rest_route=\/wp\/v2\/posts"}],"about":[{"href":"https:\/\/coercan.net\/index.php?rest_route=\/wp\/v2\/types\/post"}],"author":[{"embeddable":true,"href":"https:\/\/coercan.net\/index.php?rest_route=\/wp\/v2\/users\/1"}],"replies":[{"embeddable":true,"href":"https:\/\/coercan.net\/index.php?rest_route=%2Fwp%2Fv2%2Fcomments&post=3765"}],"version-history":[{"count":9,"href":"https:\/\/coercan.net\/index.php?rest_route=\/wp\/v2\/posts\/3765\/revisions"}],"predecessor-version":[{"id":3779,"href":"https:\/\/coercan.net\/index.php?rest_route=\/wp\/v2\/posts\/3765\/revisions\/3779"}],"wp:featuredmedia":[{"embeddable":true,"href":"https:\/\/coercan.net\/index.php?rest_route=\/wp\/v2\/media\/3767"}],"wp:attachment":[{"href":"https:\/\/coercan.net\/index.php?rest_route=%2Fwp%2Fv2%2Fmedia&parent=3765"}],"wp:term":[{"taxonomy":"category","embeddable":true,"href":"https:\/\/coercan.net\/index.php?rest_route=%2Fwp%2Fv2%2Fcategories&post=3765"},{"taxonomy":"post_tag","embeddable":true,"href":"https:\/\/coercan.net\/index.php?rest_route=%2Fwp%2Fv2%2Ftags&post=3765"}],"curies":[{"name":"wp","href":"https:\/\/api.w.org\/{rel}","templated":true}]}}