{"id":3941,"date":"2026-01-05T12:06:03","date_gmt":"2026-01-05T11:06:03","guid":{"rendered":"https:\/\/coercan.net\/?p=3941"},"modified":"2026-01-05T12:08:01","modified_gmt":"2026-01-05T11:08:01","slug":"monper-chocolate-gana-el-48-concurso-de-escaparates-de-santander","status":"publish","type":"post","link":"https:\/\/coercan.net\/?p=3941","title":{"rendered":"Monper Chocolate gana el 48 Concurso de Escaparates de Santander"},"content":{"rendered":"\t\t<div data-elementor-type=\"wp-post\" data-elementor-id=\"3941\" class=\"elementor elementor-3941\">\n\t\t\t\t\t\t<section class=\" elementor-section elementor-top-section elementor-element elementor-element-af1c18a elementor-section-boxed elementor-section-height-default elementor-section-height-default smart-sticky-default\" data-id=\"af1c18a\" data-element_type=\"section\">\r\n\t\t\t\t\t\t\t\t<div class=\"elementor-container elementor-column-gap-default\">\r\n\t\t\t\t\r\n\t\t\t\t\t\t\t\t<div class=\" elementor-column elementor-col-100 elementor-top-column elementor-element elementor-element-075d57c \" data-id=\"075d57c\" data-element_type=\"column\">\r\n\r\n\t\t\t\t\r\n\t\t\t\t<div class=\"elementor-widget-wrap elementor-element-populated\">\r\n\t\t\t\t\t\t\t\t\t\t\r\n\t\t\t\t\t\t<div class=\"elementor-element elementor-element-1e84205 elementor-widget elementor-widget-heading\" data-id=\"1e84205\" data-element_type=\"widget\" data-widget_type=\"heading.default\">\n\t\t\t\t<div class=\"elementor-widget-container\">\n\t\t\t\t\t<h3 class=\"elementor-heading-title elementor-size-default\">Farmacia Lanza y Librer\u00eda Gil obtienen el segundo y tercer premio respectivamente<\/h3>\t\t\t\t<\/div>\n\t\t\t\t<\/div>\n\t\t\t\t\t\t<\/div>\r\n\t\t\t\t<\/div>\r\n\t\t\t\t\t\t\t\t<\/div>\r\n\t\t\t<\/section>\r\n\t\t\t\t\t<section class=\" elementor-section elementor-top-section elementor-element elementor-element-2637590 elementor-section-boxed elementor-section-height-default elementor-section-height-default smart-sticky-default\" data-id=\"2637590\" data-element_type=\"section\">\r\n\t\t\t\t\t\t\t\t<div class=\"elementor-container elementor-column-gap-default\">\r\n\t\t\t\t\r\n\t\t\t\t\t\t\t\t<div class=\" elementor-column elementor-col-100 elementor-top-column elementor-element elementor-element-1e00568 \" data-id=\"1e00568\" data-element_type=\"column\">\r\n\r\n\t\t\t\t\r\n\t\t\t\t<div class=\"elementor-widget-wrap elementor-element-populated\">\r\n\t\t\t\t\t\t\t\t\t\t\r\n\t\t\t\t\t\t<div class=\"elementor-element elementor-element-25bbc0c elementor-widget elementor-widget-heading\" data-id=\"25bbc0c\" data-element_type=\"widget\" data-widget_type=\"heading.default\">\n\t\t\t\t<div class=\"elementor-widget-container\">\n\t\t\t\t\t<h3 class=\"elementor-heading-title elementor-size-default\">Bea, la de las Flores ha sido el comercio m\u00e1s votado en redes sociales<\/h3>\t\t\t\t<\/div>\n\t\t\t\t<\/div>\n\t\t\t\t\t\t<\/div>\r\n\t\t\t\t<\/div>\r\n\t\t\t\t\t\t\t\t<\/div>\r\n\t\t\t<\/section>\r\n\t\t\t\t\t<section class=\" elementor-section elementor-top-section elementor-element elementor-element-36a0c67 elementor-section-boxed elementor-section-height-default elementor-section-height-default smart-sticky-default\" data-id=\"36a0c67\" data-element_type=\"section\">\r\n\t\t\t\t\t\t\t\t<div class=\"elementor-container elementor-column-gap-default\">\r\n\t\t\t\t\r\n\t\t\t\t\t\t\t\t<div class=\" elementor-column elementor-col-100 elementor-top-column elementor-element elementor-element-0696acd \" data-id=\"0696acd\" data-element_type=\"column\">\r\n\r\n\t\t\t\t\r\n\t\t\t\t<div class=\"elementor-widget-wrap elementor-element-populated\">\r\n\t\t\t\t\t\t\t\t\t\t\r\n\t\t\t\t\t\t<div class=\"elementor-element elementor-element-2b45c77 elementor-widget elementor-widget-image\" data-id=\"2b45c77\" data-element_type=\"widget\" data-widget_type=\"image.default\">\n\t\t\t\t<div class=\"elementor-widget-container\">\n\t\t\t\t\t\t\t\t\t\t\t\t\t\t\t<img fetchpriority=\"high\" decoding=\"async\" width=\"1024\" height=\"682\" src=\"https:\/\/coercan.net\/wp-content\/uploads\/2026\/01\/Escaparates-Santander-2025-1024x682.jpg\" class=\"attachment-large size-large wp-image-3942\" alt=\"48 Concurso de Escaparates de Santander\" srcset=\"https:\/\/coercan.net\/wp-content\/uploads\/2026\/01\/Escaparates-Santander-2025-1024x682.jpg 1024w, https:\/\/coercan.net\/wp-content\/uploads\/2026\/01\/Escaparates-Santander-2025-768x512.jpg 768w\" sizes=\"(max-width: 1024px) 100vw, 1024px\" \/>\t\t\t\t\t\t\t\t\t\t\t\t\t\t\t<\/div>\n\t\t\t\t<\/div>\n\t\t\t\t\t\t<\/div>\r\n\t\t\t\t<\/div>\r\n\t\t\t\t\t\t\t\t<\/div>\r\n\t\t\t<\/section>\r\n\t\t\t\t\t<section class=\" elementor-section elementor-top-section elementor-element elementor-element-2049d5f elementor-section-boxed elementor-section-height-default elementor-section-height-default smart-sticky-default\" data-id=\"2049d5f\" data-element_type=\"section\">\r\n\t\t\t\t\t\t\t\t<div class=\"elementor-container elementor-column-gap-default\">\r\n\t\t\t\t\r\n\t\t\t\t\t\t\t\t<div class=\" elementor-column elementor-col-100 elementor-top-column elementor-element elementor-element-db0b3d8 \" data-id=\"db0b3d8\" data-element_type=\"column\">\r\n\r\n\t\t\t\t\r\n\t\t\t\t<div class=\"elementor-widget-wrap elementor-element-populated\">\r\n\t\t\t\t\t\t\t\t\t\t\r\n\t\t\t\t\t\t<div class=\"elementor-element elementor-element-b5d7cb2 elementor-widget elementor-widget-text-editor\" data-id=\"b5d7cb2\" data-element_type=\"widget\" data-widget_type=\"text-editor.default\">\n\t\t\t\t<div class=\"elementor-widget-container\">\n\t\t\t\t\t\t\t\t\t<p>Monper Chocolate (C\/ Calder\u00f3n de la Barca 18) ha sido el ganador de la 48 edici\u00f3n del Concurso de Escaparates de Santander, organizado por la Federaci\u00f3n del Comercio de Cantabria \u2013 COERCAN con la colaboraci\u00f3n de la Consejer\u00eda de Industria, Empleo, Innovaci\u00f3n y Comercio del Gobierno de Cantabria, el Ayuntamiento de Santander y la Asociaci\u00f3n de Comerciantes de Santander \u2013 ACEAS.<\/p><p>El establecimiento, elegido por el jurado entre los cerca de 130 comercios que han participado en esta edici\u00f3n, recibi\u00f3 como premio una placa conmemorativa, un ordenador port\u00e1til, una campa\u00f1a promocional en las pantallas del TUS y media p\u00e1gina de publicidad en El Diario Monta\u00f1\u00e9s.<\/p><p>El ganador del segundo premio ha sido Farmacia Lanza (Avda. Herrera Oria 31), mientras que el tercero ha reca\u00eddo sobre Librer\u00eda Gil (C\/ Hern\u00e1n Cortes 23). Ambos establecimientos han recibido como premio su correspondiente placa conmemorativa, una tablet y una campa\u00f1a promocional en las pantallas del TUS.<\/p><p>En cuanto al escaparate m\u00e1s votado en redes sociales, el ganador ha sido Bea, la de las Flores (C\/ Alta 109), categor\u00eda en la que de nuevo se ha registrado una alt\u00edsima partcipaci\u00f3n por parte del p\u00fablico, que ha dejado miles de votos en las redes sociales de COERCAN<\/p><p>En el acto se entreg\u00f3 tambi\u00e9n una menci\u00f3n especial a Mari Jose L\u00f3pez, del establecimiento Lencer\u00eda Majos&#8217;s (C\/ L\u00e1baro, 3), por su trayectoria profesional y su apoyo a todas las iniciativas que se organizan desde COERCAN.<\/p><p>Los premios se entregaron en un evento celebrado en el Hotel Bah\u00eda de Santander, en el que se cont\u00f3 con la presencia de la alcaldesa de Santander, Gema Igual, el director general de Trabajo, Econom\u00eda Social y Empleo Aut\u00f3nomo del Gobierno de Cantabria, Jaime Alonso, Gonzalo Cay\u00f3n, secretario general de COERCAN, Salvador Victorino, vicepresidente de COERCAN, y varios representantes de asociaciones del sector integradas en la Federaci\u00f3n, adem\u00e1s de numerosos profesionales del sector en representaci\u00f3n de los comercios participantes en el concurso.<\/p><p>Una vez entregados los premios se procedi\u00f3 al tradicional sorteo de regalos entre los establecimientos participantes presentes en el acto, con importantes premios que incluyeron un pase VIP aportado por el Centro Bot\u00edn y un men\u00fa degustaci\u00f3n doble aportado por el Hotel Bah\u00eda. Durante el acto se pudo disfrutar de actuaciones musicales a cargo de Fonso Blanco, y finaliz\u00f3 con un vino espa\u00f1ol.<\/p>\t\t\t\t\t\t\t\t<\/div>\n\t\t\t\t<\/div>\n\t\t\t\t\t\t<\/div>\r\n\t\t\t\t<\/div>\r\n\t\t\t\t\t\t\t\t<\/div>\r\n\t\t\t<\/section>\r\n\t\t\t\t\t<\/div>\n\t\t","protected":false},"excerpt":{"rendered":"<p>Farmacia Lanza y Librer\u00eda Gil obtienen el segundo y tercer premio respectivamente Bea, la de las Flores ha sido el comercio m\u00e1s votado en redes sociales Monper Chocolate (C\/ Calder\u00f3n de la Barca 18) ha sido el ganador de la 48 edici\u00f3n del Concurso de Escaparates de Santander, organizado por la Federaci\u00f3n del Comercio de [&hellip;]<\/p>\n","protected":false},"author":1,"featured_media":3942,"comment_status":"closed","ping_status":"closed","sticky":false,"template":"","format":"standard","meta":{"_acf_changed":false,"_monsterinsights_skip_tracking":false,"_monsterinsights_sitenote_active":false,"_monsterinsights_sitenote_note":"","_monsterinsights_sitenote_category":0,"footnotes":""},"categories":[2],"tags":[21,4],"class_list":["post-3941","post","type-post","status-publish","format-standard","has-post-thumbnail","hentry","category-noticias","tag-concurso-escaparates","tag-noticias"],"acf":[],"_links":{"self":[{"href":"https:\/\/coercan.net\/index.php?rest_route=\/wp\/v2\/posts\/3941","targetHints":{"allow":["GET"]}}],"collection":[{"href":"https:\/\/coercan.net\/index.php?rest_route=\/wp\/v2\/posts"}],"about":[{"href":"https:\/\/coercan.net\/index.php?rest_route=\/wp\/v2\/types\/post"}],"author":[{"embeddable":true,"href":"https:\/\/coercan.net\/index.php?rest_route=\/wp\/v2\/users\/1"}],"replies":[{"embeddable":true,"href":"https:\/\/coercan.net\/index.php?rest_route=%2Fwp%2Fv2%2Fcomments&post=3941"}],"version-history":[{"count":4,"href":"https:\/\/coercan.net\/index.php?rest_route=\/wp\/v2\/posts\/3941\/revisions"}],"predecessor-version":[{"id":3946,"href":"https:\/\/coercan.net\/index.php?rest_route=\/wp\/v2\/posts\/3941\/revisions\/3946"}],"wp:featuredmedia":[{"embeddable":true,"href":"https:\/\/coercan.net\/index.php?rest_route=\/wp\/v2\/media\/3942"}],"wp:attachment":[{"href":"https:\/\/coercan.net\/index.php?rest_route=%2Fwp%2Fv2%2Fmedia&parent=3941"}],"wp:term":[{"taxonomy":"category","embeddable":true,"href":"https:\/\/coercan.net\/index.php?rest_route=%2Fwp%2Fv2%2Fcategories&post=3941"},{"taxonomy":"post_tag","embeddable":true,"href":"https:\/\/coercan.net\/index.php?rest_route=%2Fwp%2Fv2%2Ftags&post=3941"}],"curies":[{"name":"wp","href":"https:\/\/api.w.org\/{rel}","templated":true}]}}