{"id":831,"date":"2020-03-20T11:32:00","date_gmt":"2020-03-20T10:32:00","guid":{"rendered":"http:\/\/coercan.net\/?p=831"},"modified":"2022-11-16T13:41:13","modified_gmt":"2022-11-16T12:41:13","slug":"comunicado-del-ministerio-de-seguridad-social-sobre-la-prestacion-extraordinaria-para-autonomos","status":"publish","type":"post","link":"https:\/\/coercan.net\/?p=831","title":{"rendered":"Comunicado del Ministerio de Seguridad Social sobre la prestaci\u00f3n extraordinaria para aut\u00f3nomos"},"content":{"rendered":"\n<p>Ante las informaciones y declaraciones de algunas personas aparecidas\n en medios de comunicaci\u00f3n y redes sociales sobre la prestaci\u00f3n \nextraordinaria para <strong>aut\u00f3nomos afectados por el COVID-19<\/strong>, el Ministerio de Inclusi\u00f3n, Seguridad Social y Migraciones quiere indicar:<\/p>\n\n\n\n<ul class=\"wp-block-list\"><li>Todos los aut\u00f3nomos obligados a cerrar por el estado de alarma o con una ca\u00edda de ingresos del 75%,<strong> tienen ya derecho a la prestaci\u00f3n<\/strong> que aprobamos en el \u00faltimo Consejo de Ministros <strong>independientemente de su condici\u00f3n<\/strong>. Por tanto, desde este Ministerio se desmiente que el Gobierno prepare ninguna modificaci\u00f3n.<\/li><\/ul>\n\n\n\n<ul class=\"wp-block-list\"><li>Los aut\u00f3nomos en esta situaci\u00f3n <strong>estar\u00e1n exentos de pagar  cotizaciones a la Seguridad Social y, adem\u00e1s, recibir\u00e1n una prestaci\u00f3n  equivalente al 70% de la base reguladora<\/strong>, lo que supone un m\u00ednimo de 661\u20ac para quienes hayan tenido que cerrar su negocio o hayan perdido el 75% de su facturaci\u00f3n.<\/li><\/ul>\n\n\n\n<ul class=\"wp-block-list\"><li>Leer\u00e9is estos d\u00edas muchas <strong><em>fake news<\/em> <\/strong>y muchos<strong> bulos<\/strong> que pretenden generar incertidumbre entre los aut\u00f3nomos. Para cualquier duda, consultad las <a href=\"http:\/\/prensa.empleo.gob.es\/WebPrensa\/salamultimedia\/documento_enlaces\/guias_ayuda.pdf\"><strong>web oficiales<\/strong><\/a> del Ministerio de Inclusi\u00f3n, Seguridad Social y Migraciones.<\/li><\/ul>\n\n\n\n<ul class=\"wp-block-list\"><li>El Gobierno sigue trabajando en medidas de calado, como esta prestaci\u00f3n extraordinaria, para ayudar a quienes est\u00e1n pasando dificultades.<\/li><\/ul>\n\n\n\n<div style=\"height:100px\" aria-hidden=\"true\" class=\"wp-block-spacer\"><\/div>\n","protected":false},"excerpt":{"rendered":"<p>Ante las informaciones y declaraciones de algunas personas aparecidas en medios de comunicaci\u00f3n y redes sociales sobre la prestaci\u00f3n extraordinaria para aut\u00f3nomos afectados por el COVID-19, el Ministerio de Inclusi\u00f3n, Seguridad Social y Migraciones quiere indicar: Todos los aut\u00f3nomos obligados a cerrar por el estado de alarma o con una ca\u00edda de ingresos del 75%, [&hellip;]<\/p>\n","protected":false},"author":2,"featured_media":798,"comment_status":"closed","ping_status":"closed","sticky":false,"template":"","format":"standard","meta":{"_acf_changed":false,"_monsterinsights_skip_tracking":false,"_monsterinsights_sitenote_active":false,"_monsterinsights_sitenote_note":"","_monsterinsights_sitenote_category":0,"footnotes":""},"categories":[2],"tags":[13,4],"class_list":["post-831","post","type-post","status-publish","format-standard","has-post-thumbnail","hentry","category-noticias","tag-covid19","tag-noticias"],"acf":[],"_links":{"self":[{"href":"https:\/\/coercan.net\/index.php?rest_route=\/wp\/v2\/posts\/831","targetHints":{"allow":["GET"]}}],"collection":[{"href":"https:\/\/coercan.net\/index.php?rest_route=\/wp\/v2\/posts"}],"about":[{"href":"https:\/\/coercan.net\/index.php?rest_route=\/wp\/v2\/types\/post"}],"author":[{"embeddable":true,"href":"https:\/\/coercan.net\/index.php?rest_route=\/wp\/v2\/users\/2"}],"replies":[{"embeddable":true,"href":"https:\/\/coercan.net\/index.php?rest_route=%2Fwp%2Fv2%2Fcomments&post=831"}],"version-history":[{"count":2,"href":"https:\/\/coercan.net\/index.php?rest_route=\/wp\/v2\/posts\/831\/revisions"}],"predecessor-version":[{"id":833,"href":"https:\/\/coercan.net\/index.php?rest_route=\/wp\/v2\/posts\/831\/revisions\/833"}],"wp:featuredmedia":[{"embeddable":true,"href":"https:\/\/coercan.net\/index.php?rest_route=\/wp\/v2\/media\/798"}],"wp:attachment":[{"href":"https:\/\/coercan.net\/index.php?rest_route=%2Fwp%2Fv2%2Fmedia&parent=831"}],"wp:term":[{"taxonomy":"category","embeddable":true,"href":"https:\/\/coercan.net\/index.php?rest_route=%2Fwp%2Fv2%2Fcategories&post=831"},{"taxonomy":"post_tag","embeddable":true,"href":"https:\/\/coercan.net\/index.php?rest_route=%2Fwp%2Fv2%2Ftags&post=831"}],"curies":[{"name":"wp","href":"https:\/\/api.w.org\/{rel}","templated":true}]}}