{"id":843,"date":"2020-03-24T10:27:45","date_gmt":"2020-03-24T09:27:45","guid":{"rendered":"http:\/\/coercan.net\/?p=843"},"modified":"2022-11-16T13:41:13","modified_gmt":"2022-11-16T12:41:13","slug":"documentacion-y-enlaces-de-interes-covid-19-y-estado-de-alarma","status":"publish","type":"post","link":"https:\/\/coercan.net\/?p=843","title":{"rendered":"Documentaci\u00f3n y enlaces de inter\u00e9s &#8211; COVID-19 y estado de alarma"},"content":{"rendered":"\n<h2 class=\"wp-block-heading\">Estado de alarma y pr\u00f3rrogas<\/h2>\n\n\n\n<p>Real Decreto 463\/2020, de 14 de marzo, por el que declara el estado de alarma para la gesti\u00f3n de la situaci\u00f3n de crisis sanitaria ocasionada por el COVID-19 &#8211; <a href=\"https:\/\/www.boe.es\/boe\/dias\/2020\/03\/14\/pdfs\/BOE-A-2020-3692.pdf\">enlace<\/a><\/p>\n\n\n\n<p>Real Decreto 465\/2020, de 17 de marzo, por el que se modifica el Real Decreto 463\/2020 de declaraci\u00f3n del estado de alarma &#8211; <a href=\"https:\/\/www.boe.es\/boe\/dias\/2020\/03\/18\/pdfs\/BOE-A-2020-3828.pdf\">enlace<\/a><\/p>\n\n\n\n<p>Real Decreto 476\/2020 de 27 de marzo, por el que se prorroga el estado de alarma &#8211; <a href=\"https:\/\/www.boe.es\/buscar\/pdf\/2020\/BOE-A-2020-4155-consolidado.pdf\">enlace<\/a><\/p>\n\n\n\n<p>Real Decreto 487\/2020, de 10 de abril, por el que se prorroga el estado de alarma &#8211; <a href=\"https:\/\/www.boe.es\/boe\/dias\/2020\/04\/11\/pdfs\/BOE-A-2020-4413.pdf\">enlace<\/a><\/p>\n\n\n\n<p> Real Decreto 492\/2020, de 24 de abril, por el que se prorroga el estado de alarma &#8211; <a href=\"https:\/\/www.boe.es\/boe\/dias\/2020\/04\/25\/pdfs\/BOE-A-2020-4652.pdf\">enlace<\/a><\/p>\n\n\n\n<p> Real Decreto 514\/2020, de 8 de mayo, por el que se prorroga el estado de alarma &#8211; <a href=\"https:\/\/www.boe.es\/boe\/dias\/2020\/05\/09\/pdfs\/BOE-A-2020-4902.pdf\">enlace<\/a><\/p>\n\n\n\n<p> Real Decreto 537\/2020, de 22 de mayo, por el que se prorroga el estado de alarma  &#8211; <a href=\"https:\/\/www.boe.es\/boe\/dias\/2020\/05\/23\/pdfs\/BOE-A-2020-5243.pdf\">enlace<\/a><\/p>\n\n\n\n<h2 class=\"wp-block-heading\">Plan de desescalada y Fases<\/h2>\n\n\n\n<p>Orden SND\/388\/2020, condiciones para la apertura al p\u00fablico del comercio minorista durante la desescalada &#8211; <a href=\"https:\/\/www.boe.es\/boe\/dias\/2020\/05\/03\/pdfs\/BOE-A-2020-4793.pdf\">enlace<\/a><\/p>\n\n\n\n<p>Orden SND\/399\/2020 de 9 de mayo, aplicaci\u00f3n de la Fase 1 &#8211; <a href=\"https:\/\/www.boe.es\/boe\/dias\/2020\/05\/09\/pdfs\/BOE-A-2020-4911.pdf\">enlace<\/a><\/p>\n\n\n\n<p>Orden SND\/414\/2020 de 16 de mayo, modificaci\u00f3n de condiciones de la Fase 1 &#8211; <a href=\"https:\/\/www.boe.es\/boe\/dias\/2020\/05\/16\/pdfs\/BOE-A-2020-5088.pdf\">enlace<\/a><\/p>\n\n\n\n<p>Orden SND\/442\/2020, de 23 de mayo, aplicaci\u00f3n de la Fase 2 &#8211; <a href=\"https:\/\/www.boe.es\/boe\/dias\/2020\/05\/24\/pdfs\/BOE-A-2020-5267.pdf\">enlace<\/a><\/p>\n\n\n\n<p>Decreto 1\/2020, de 7 de junio, medidas correspondientes a la Fase 3 &#8211; <a href=\"https:\/\/boc.cantabria.es\/boces\/verAnuncioAction.do?idAnuBlob=350355\">enlace<\/a><\/p>\n\n\n\n<p>Orden SND\/427\/2020 flexibilizaci\u00f3n de restricciones en peque\u00f1os municipios &#8211; <a href=\"https:\/\/www.boe.es\/boe\/dias\/2020\/05\/22\/pdfs\/BOE-A-2020-5218.pdf\">enlace<\/a><\/p>\n\n\n\n<p>Respuestas a preguntas frecuentes sobre el plan de transici\u00f3n y sus fases &#8211; <a href=\"https:\/\/www.lamoncloa.gob.es\/serviciosdeprensa\/notasprensa\/sanidad14\/Documents\/2020\/03052020_Desescalada.pdf?fbclid=IwAR0f9pm61IgcmWN8JZ0WocS4dd2pXPHv0IlUoDCnpcuUFuK2soz6PWy4dE0\">enlace<\/a><\/p>\n\n\n\n<p>Guia del Gobierno de Cantabria sobre la Fase 2 &#8211; <a href=\"https:\/\/www.cantabria.es\/en\/web\/gobierno\/detalle\/-\/journal_content\/56_INSTANCE_DETALLE\/16413\/9666382?fbclid=IwAR1IUeIvyXREOByVj_fO7QjvGsjwRH3ebev4IYqa9GW9Rl91H7azcuCF564\">enlace<\/a><\/p>\n\n\n\n<p>Gu\u00eda del Gobierno de Cantabria sobre la Fase 3 &#8211; <a href=\"https:\/\/www.cantabria.es\/documents\/16413\/9703752\/GUIA+FASE+3\/0106fa8c-dd90-f251-fa0d-44a6a8d2e8f8\">enlace<\/a><\/p>\n\n\n\n<p>Medidas sanitarias aplicables en Cantabria durante la nueva normalidad &#8211; <a href=\"https:\/\/boc.cantabria.es\/boces\/verAnuncioAction.do?idAnuBlob=350777\">enlace<\/a><\/p>\n\n\n\n<h2 class=\"wp-block-heading\">Ayudas y medidas de apoyo a la econom\u00eda<\/h2>\n\n\n\n<p> Real Decreto-Ley 7\/2020, de 12 de marzo, por el que se  adoptan medidas  urgentes para responder al impacto econ\u00f3mico de  COVID-19.  &#8211; <a href=\"https:\/\/www.boe.es\/diario_boe\/txt.php?id=BOE-A-2020-3580\">enlace<\/a><\/p>\n\n\n\n<p>Real Decreto-Ley 8\/2020, de 17 de marzo, de medidas urgentes extraordinarias para hacer frente al impacto econ\u00f3mico y social del COVID-19 &#8211; <a href=\"https:\/\/www.boe.es\/diario_boe\/txt.php?id=BOE-A-2020-3824\">enlace<\/a><\/p>\n\n\n\n<p>Real Decreto-Ley 9\/2020, de 27 de marzo, de medidas complementarias en el \u00e1mbito laboral &#8211; <a href=\"https:\/\/www.boe.es\/boe\/dias\/2020\/03\/28\/pdfs\/BOE-A-2020-4152.pdf\">enlace<\/a><\/p>\n\n\n\n<p>Real Decreto-Ley 11\/2020, de 31 de marzo, medidas complementarias en el \u00e1mbito social y econ\u00f3mico &#8211; <a href=\"https:\/\/www.boe.es\/boe\/dias\/2020\/04\/01\/pdfs\/BOE-A-2020-4208.pdf\">enlace<\/a><\/p>\n\n\n\n<p>Resumen del RD 11\/2020 (medidas sociales y econ\u00f3micas complementarias) elaborado por la CEC &#8211; <a href=\"https:\/\/coercan.net\/wp-content\/uploads\/2020\/04\/Resumen-RD-LEY-11_2020.pdf\">enlace<\/a><\/p>\n\n\n\n<p>Correcci\u00f3n de errores RD-Ley 11\/2020 &#8211; <a href=\"https:\/\/www.boe.es\/boe\/dias\/2020\/04\/09\/pdfs\/BOE-A-2020-4377.pdf\">enlace<\/a><\/p>\n\n\n\n<p>Orden TED\/320\/2020 &#8211; desarrollo de la percepci\u00f3n del bono social por parte de trabajadores aut\u00f3nomos &#8211; <a href=\"https:\/\/www.boe.es\/boe\/dias\/2020\/04\/04\/pdfs\/BOE-A-2020-4292.pdf\">enlace<\/a><\/p>\n\n\n\n<p>Real Decreto-Ley 15\/2020, de medidas urgentes complementarias para apoyar la econom\u00eda y el empleo &#8211; <a href=\"https:\/\/www.boe.es\/boe\/dias\/2020\/04\/22\/pdfs\/BOE-A-2020-4554.pdf\">enlace<\/a><\/p>\n\n\n\n<p>Convocatoria de Ayudas para emprendedores y micropymes del Ayuntamiento de Santander &#8211; <a href=\"http:\/\/santander.es\/content\/ayudas-destinadas-paliar-efectos-crisis-del-covid-19-sobre-emprendedores-micropymes\">enlace<\/a><\/p>\n\n\n\n<p>L\u00ednea de avales para garantizar la liquidez de aut\u00f3nomos y empresas &#8211; <a href=\"https:\/\/www.lamoncloa.gob.es\/consejodeministros\/Paginas\/enlaces\/240320-enlace-avales.aspx\">enlace<\/a><\/p>\n\n\n\n<p>Resumen de medidas adoptadas en el RDL 15\/2020 sobre arrendamiento de locales &#8211; <a href=\"https:\/\/coercan.net\/?p=887\">enlace<\/a><\/p>\n\n\n\n<p>Real Decreto &#8211; Ley 18\/2020 de 12 de mayo, medidas sociales en defensa del empleo &#8211; <a href=\"https:\/\/www.boe.es\/boe\/dias\/2020\/05\/13\/pdfs\/BOE-A-2020-4959.pdf\">enlace<\/a><\/p>\n\n\n\n<p><strong>Prestaci\u00f3n extraordinaria Aut\u00f3nomos<\/strong><\/p>\n\n\n\n<p>Criterio 5\/2020 de aplicaci\u00f3n del art\u00edculo 17 del RD 8\/2020 (prestaci\u00f3n extraordinaria aut\u00f3nomos) del Ministerio de Seguridad Social &#8211; <a href=\"https:\/\/coercan.net\/wp-content\/uploads\/2020\/03\/criterio5-2002.pdf\">enlace<\/a><\/p>\n\n\n\n<p>FAQ del Ministerio de Seguridad Social sobre la prestaci\u00f3n extraordinaria para aut\u00f3nomos &#8211; <a href=\"http:\/\/www.seg-social.es\/wps\/portal\/wss\/internet\/FAQ\/897e30db-3172-4528-987f-ab1ffde1b8e7\/ed13c2a7-72fb-4831-83b5-7c597923e568\/64f2316b-c235-4dd9-a2cd-ac44c96b46a9\">enlace<\/a><\/p>\n\n\n\n<p>Comunicado del Ministerio de Seguridad Social sobre la pestaci\u00f3n extraordinaria para aut\u00f3nomos &#8211; <a href=\"https:\/\/coercan.net\/?p=831\">enlace<\/a><\/p>\n\n\n\n<p><strong>Cheque de Resistencia<\/strong><\/p>\n\n\n\n<p>Orden INN\/11\/2020 &#8211; Bases reguladores de las ayudas a conceder por SODERCAN (Cheques de resistencia) &#8211; <a href=\"https:\/\/boc.cantabria.es\/boces\/verAnuncioAction.do?idAnuBlob=349159\">enlace<\/a><\/p>\n\n\n\n<p>Gestor de ayudas de SODERCAN (solicitud del Cheque de Resistencia) &#8211; <a href=\"https:\/\/ayudas.sodercan.es\/ayudas\/WKjBdzGpgzAkLJbODkQe\">enlace<\/a><\/p>\n\n\n\n<p>Gu\u00eda de SODERCAN sobre el \u00abCheque de resistencia\u00bb &#8211; <a href=\"https:\/\/www.sodercan.es\/wp-content\/uploads\/sites\/4\/2020\/02\/Gu%C3%ADa-Cheque-Resistencia-SODERCAN.pdf\">enlace<\/a><\/p>\n\n\n\n<p><strong>Cheque Aut\u00f3nomos<\/strong><\/p>\n\n\n\n<p>Decreto 28\/2020, de 29 de mayo, bases de las subvenciones de Sodercan \u00abCheque aut\u00f3nomos\u00bb &#8211; <a href=\"https:\/\/boc.cantabria.es\/boces\/verAnuncioAction.do?idAnuBlob=350040\">enlace<\/a><\/p>\n\n\n\n<h2 class=\"wp-block-heading\">Otra normativa<\/h2>\n\n\n\n<p>BOE: c\u00f3digo electr\u00f3nico Crisis sanitaria COVID-19 &#8211; <a href=\"https:\/\/www.boe.es\/biblioteca_juridica\/codigos\/codigo.php?id=355\">enlace<\/a><\/p>\n\n\n\n<p>BOC &#8211; Resoluci\u00f3n de 16 de marzo de 2020 sobre suspensi\u00f3n de plazos administrativos &#8211; <a href=\"https:\/\/boc.cantabria.es\/boces\/verAnuncioAction.do?idAnuBlob=349054\">enlace<\/a><\/p>\n\n\n\n<p>BOC &#8211; Resoluci\u00f3n 23 de marzo de 2020 actualizaci\u00f3n suspensi\u00f3n de plazos administrativos &#8211; <a href=\"https:\/\/boc.cantabria.es\/boces\/verAnuncioAction.do?idAnuBlob=349115\">enlace<\/a><\/p>\n\n\n\n<p>Real Decreto-Ley 10\/2020, que regula el permiso retribuido recuperable para trabajadores de actividades no esenciales &#8211; <a href=\"https:\/\/www.boe.es\/boe\/dias\/2020\/03\/29\/pdfs\/BOE-A-2020-4166.pdf\">enlace<\/a><\/p>\n\n\n\n<p>Real Decreto-Ley 14\/2020, extensi\u00f3n de plazo de declaraciones y autoliquidaciones tributarias &#8211; <a href=\"https:\/\/www.boe.es\/diario_boe\/txt.php?id=BOE-A-2020-4448\">enlace<\/a><\/p>\n\n\n\n<p>Orden SND\/307\/2020 &#8211; criterios de interpretaci\u00f3n del RD 10\/2020 y modelo de declaraci\u00f3n responsable para trajectos entre domicilio y trabajo &#8211; <a href=\"https:\/\/www.boe.es\/boe\/dias\/2020\/03\/30\/pdfs\/BOE-A-2020-4196.pdf\">enlace<\/a><\/p>\n\n\n\n<p>Orden SND\/370\/2020 Condiciones de desplazamiento de poblaci\u00f3n infantil &#8211; <a href=\"https:\/\/www.boe.es\/boe\/dias\/2020\/04\/25\/pdfs\/BOE-A-2020-4665.pdf\">enlace<\/a><\/p>\n\n\n\n<h2 class=\"wp-block-heading\">Documentaci\u00f3n<\/h2>\n\n\n\n<p>Modelos de acreditaci\u00f3n de la necesidad de circulaci\u00f3n de trabajadores &#8211; <a href=\"https:\/\/drive.google.com\/open?id=1RZ2Mlg-K1LeE86kFO4KMOLpvpSKPxeIG\">enlace<\/a><\/p>\n\n\n\n<p>Modelo de declaraci\u00f3n responsable para desplazamientos de trabajadores que no deban acojerse al permiso retribuido responsable &#8211; <a href=\"https:\/\/drive.google.com\/open?id=1MHXpVvQut00U-KWmyHQJyCDm_brpdtsb\">enlace<\/a><\/p>\n\n\n\n<h2 class=\"wp-block-heading\">Otros enlaces, gu\u00edas y FAQs<\/h2>\n\n\n\n<p>Protocolo y gu\u00eda de buenas pr\u00e1cticas para la apertura de establecimientos comerciales durate el plan de transici\u00f3n &#8211; <a href=\"http:\/\/www.comercio.gob.es\/es-es\/noticias\/Paginas\/Nuevo-Protocolo-y-Gu%C3%ADa-de-Buenas-pr%C3%A1cticas-dirigida-a-la-actividad-comercial.aspx?nav=\/es-es\/noticias&amp;titulo=Nuevo%20Protocolo%20y%20Gu%C3%ADa%20de%20Buenas%20pr%C3%A1cticas%20dirigida%20a%20la%20actividad%20comercial\">enlace<\/a><\/p>\n\n\n\n<p>Productos con acci\u00f3n viricida demostrada y servicios de aplicaci\u00f3n de biocidas &#8211; Consejer\u00eda de Sanidad &#8211; <a href=\"http:\/\/saludcantabria.es\/index.php?mact=News%2Ccntnt01%2Cdetail%2C0&amp;cntnt01articleid=2269&amp;cntnt01returnid=57&amp;fbclid=IwAR1d_kTr1NbZ_mtHCa6JJInyBnOIh-B7c0gnyhztxGyZRiOHv7efFilRXts\">enlace<\/a><\/p>\n\n\n\n<p>S\u00edntesis de materias laborales del Real Decreto &#8211; Ley 8\/2020 &#8211; <a href=\"https:\/\/coercan.net\/?p=821\">enlace<\/a><\/p>\n\n\n\n<p>Gu\u00eda de Buenas Pr\u00e1cticas para los establecimientos de la distribuci\u00f3n comercial minorista ante el COVID-19 elaborada por la CEC &#8211; <a href=\"https:\/\/coercan.net\/?p=825\">enlace<\/a><\/p>\n\n\n\n<p>Guia de buenas pr\u00e1cticas en centros de trabajo del Ministerio de Sanidad &#8211; <a href=\"https:\/\/www.lamoncloa.gob.es\/serviciosdeprensa\/notasprensa\/presidencia\/Documents\/2020\/GUIACENTROSTRABAJOCOVID19b.pdf\">enlace<\/a><\/p>\n\n\n\n<p>Consultas y preguntas frecuentes sobre comercio publicado por el Ministerio de Industria, Comercio y Turismo &#8211; <a href=\"https:\/\/www.mincotur.gob.es\/es-es\/Paginas\/Contacto-Comercio-Covid19.aspx?fbclid=IwAR3A1kX2MpcL_4iaSG7KVijqCP6qXsQzU4s0gzQ0ucbRmo5wuPjHsRR2hcc\">enlace<\/a><\/p>\n\n\n\n<p> Consultas y preguntas frecuentes sobre Turismo publicado por el Ministerio de Industria, Comercio y Turismo &#8211; <a href=\"https:\/\/www.mincotur.gob.es\/es-es\/Paginas\/Contacto-Turismo-Covid19.aspx\">enlace<\/a><\/p>\n\n\n\n<p> Consultas y preguntas frecuentes sobre Industria y Pyme publicado por el Ministerio de Industria, Comercio y Turismo &#8211; <a href=\"https:\/\/www.mincotur.gob.es\/es-es\/Paginas\/Contacto-Industria-Covid19.aspx\">enlace<\/a><\/p>\n\n\n\n<p>Guia pr\u00e1ctica de aplicaci\u00f3n de medidas de caracter laboral &#8211; <a href=\"https:\/\/www.ceoe.es\/es\/informes\/laboral-social-Informes\/medidas-urgentes-extraordinarias-para-hacer-frente-al-impacto-economico-y-social-del-covid-19-guia-practica-de-aplicacion-de-medidas-de-caracter-laboral-y-de-seguridad-social-9-de-abril-2020\">enlace<\/a><\/p>\n\n\n\n<p>Guia sobre medidas laborales excepcionales contra el COVID-19 aprobadas por el RDL 8\/2020 &#8211; <a href=\"https:\/\/www.ceoe.es\/es\/informes\/laboral-social-Informes\/guia-sobre-medidas-laborales-excepcionales-contra-el-covid-19-aprobadas-por-el-real-decreto-ley-82020\">enlace<\/a><\/p>\n\n\n\n<p>Informaci\u00f3n sobre presentaci\u00f3n de ERTEs &#8211; Ministerio de Trabajo y Economia Social &#8211; <a href=\"http:\/\/www.mitramiss.gob.es\/ficheros\/ministerio\/contacto_ministerio\/FAQ_ERTES_derivados_coronavirus.pdf\">enlace<\/a><\/p>\n\n\n\n<p>Gu\u00eda b\u00e1sica del SEPE del tr\u00e1mite de solicitud colectiva de prestaciones por parte de la empresa &#8211; <a href=\"http:\/\/www.sepe.es\/HomeSepe\/que-es-el-sepe\/comunicacion-institucional\/noticias\/detalle-noticia.html?folder=\/2020\/Abril\/&amp;detail=guia-basica-tramite-solicitud-colectiva-prestaciones-erte-covid19\">enlace<\/a><\/p>\n\n\n\n<p>Guia del SEPE para empresas sobre la presentaci\u00f3n de ERTEs &#8211; <a href=\"http:\/\/www.sepe.es\/HomeSepe\/COVID-19\/informacion-empresas.html\">enlace<\/a><\/p>\n\n\n\n<p>Nota informativa sobre procedimiento y v\u00edas para informarse y\/o solicitar las prestaciones por desempleo &#8211; <a href=\"https:\/\/coercan.net\/wp-content\/uploads\/2020\/03\/Prestaciones-desempleo.pdf\">enlace<\/a><\/p>\n\n\n\n<p><\/p>\n","protected":false},"excerpt":{"rendered":"<p>Estado de alarma y pr\u00f3rrogas Real Decreto 463\/2020, de 14 de marzo, por el que declara el estado de alarma para la gesti\u00f3n de la situaci\u00f3n de crisis sanitaria ocasionada por el COVID-19 &#8211; enlace Real Decreto 465\/2020, de 17 de marzo, por el que se modifica el Real Decreto 463\/2020 de declaraci\u00f3n del estado [&hellip;]<\/p>\n","protected":false},"author":2,"featured_media":798,"comment_status":"closed","ping_status":"closed","sticky":false,"template":"","format":"standard","meta":{"_acf_changed":false,"_monsterinsights_skip_tracking":false,"_monsterinsights_sitenote_active":false,"_monsterinsights_sitenote_note":"","_monsterinsights_sitenote_category":0,"footnotes":""},"categories":[8],"tags":[13],"class_list":["post-843","post","type-post","status-publish","format-standard","has-post-thumbnail","hentry","category-guias","tag-covid19"],"acf":[],"_links":{"self":[{"href":"https:\/\/coercan.net\/index.php?rest_route=\/wp\/v2\/posts\/843","targetHints":{"allow":["GET"]}}],"collection":[{"href":"https:\/\/coercan.net\/index.php?rest_route=\/wp\/v2\/posts"}],"about":[{"href":"https:\/\/coercan.net\/index.php?rest_route=\/wp\/v2\/types\/post"}],"author":[{"embeddable":true,"href":"https:\/\/coercan.net\/index.php?rest_route=\/wp\/v2\/users\/2"}],"replies":[{"embeddable":true,"href":"https:\/\/coercan.net\/index.php?rest_route=%2Fwp%2Fv2%2Fcomments&post=843"}],"version-history":[{"count":36,"href":"https:\/\/coercan.net\/index.php?rest_route=\/wp\/v2\/posts\/843\/revisions"}],"predecessor-version":[{"id":910,"href":"https:\/\/coercan.net\/index.php?rest_route=\/wp\/v2\/posts\/843\/revisions\/910"}],"wp:featuredmedia":[{"embeddable":true,"href":"https:\/\/coercan.net\/index.php?rest_route=\/wp\/v2\/media\/798"}],"wp:attachment":[{"href":"https:\/\/coercan.net\/index.php?rest_route=%2Fwp%2Fv2%2Fmedia&parent=843"}],"wp:term":[{"taxonomy":"category","embeddable":true,"href":"https:\/\/coercan.net\/index.php?rest_route=%2Fwp%2Fv2%2Fcategories&post=843"},{"taxonomy":"post_tag","embeddable":true,"href":"https:\/\/coercan.net\/index.php?rest_route=%2Fwp%2Fv2%2Ftags&post=843"}],"curies":[{"name":"wp","href":"https:\/\/api.w.org\/{rel}","templated":true}]}}