{"id":863,"date":"2020-03-31T18:20:04","date_gmt":"2020-03-31T16:20:04","guid":{"rendered":"http:\/\/coercan.net\/?p=863"},"modified":"2022-11-16T13:41:12","modified_gmt":"2022-11-16T12:41:12","slug":"los-comerciantes-de-cantabria-a-traves-de-sus-asociaciones-elaboran-protectores-oculares","status":"publish","type":"post","link":"https:\/\/coercan.net\/?p=863","title":{"rendered":"Los comerciantes de Cantabria, a trav\u00e9s de sus asociaciones, elaboran pantallas de protecci\u00f3n ocular"},"content":{"rendered":"\n<div class=\"wp-block-image\"><figure class=\"alignleft size-medium\"><img fetchpriority=\"high\" decoding=\"async\" width=\"189\" height=\"300\" src=\"https:\/\/coercan.net\/wp-content\/uploads\/2020\/03\/impresoras3D-189x300.jpg\" alt=\"\" class=\"wp-image-864\"\/><\/figure><\/div>\n\n\n\n<p>La Federaci\u00f3n del Comercio de Cantabria-COERCAN, patronal del comercio minorista de la regi\u00f3n, y diferentes Asociaciones de Comerciantes integradas en la misma, han decidido poner su granito de arena en la lucha contra el Coronavirus mediante la adquisici\u00f3n de once impresoras 3D que est\u00e1n sirviendo para la elaboraci\u00f3n de pantallas de protecci\u00f3n ocular para todo el personal de Cantabria, incluidos los comercios que est\u00e1n atendiendo al p\u00fablico, dando un servicio esencial a la sociedad, y que en esta situaci\u00f3n precisan de ellas como primera necesidad.<\/p>\n\n\n\n<p>Las impresoras, una vez finalizada esta situaci\u00f3n tan dif\u00edcil\npara los comerciantes de Cantabria y, en general, para todas las empresas y\naut\u00f3nomos de este pa\u00eds, pasar\u00e1n a ser propiedad de las respectivas asociaciones\npara hacer con ella lo que entiendan oportuno, pudi\u00e9ndolas ceder a centros de\nense\u00f1anza u otros de car\u00e1cter social como ya muchas de ellas han manifestado que\nes su intenci\u00f3n.<\/p>\n\n\n\n<p>\u201cEn colaboraci\u00f3n con la empresa c\u00e1ntabra Inven Rob\u00f3tica e Impresi\u00f3n\nen 3D, ubicada en Santander, que presta sus recursos humanos e instalaciones de\nmanera desinteresada, COERCAN y diferentes Asociaciones pertenecientes a la\nmisma hemos entendido oportuno que pese a los dif\u00edciles momentos que vivimos y\nque nos van a llegar tenemos que ayudar en todo aquello que est\u00e9 a nuestro\nalcance\u201d ha manifestado el presidente de COERCAN, Miguel \u00c1ngel Cuerno.<\/p>\n\n\n\n<p>Un grupo de pantallas de protecci\u00f3n visual est\u00e1 llegando durante\nestos d\u00edas a los comercios asociados que, por su actividad, est\u00e1n atendiendo al\np\u00fablico durante estos d\u00edas.<\/p>\n\n\n\n<p>Del mismo modo y paralelamente est\u00e1n llegando estas pantallas a\ndiferentes puntos de Cantabria necesitados de este tipo de art\u00edculos, como\npuedan ser centros hospitalarios, residencias etc.<\/p>\n\n\n\n<p>Forman parte de esta iniciativa:<\/p>\n\n\n\n<p>FEDERACION DEL\nCOMERCIO DE CANTABRIA-COERCAN<\/p>\n\n\n\n<p>AAVOT ASOCIACION DE\nAGENCIAS DE VIAJE Y OPERADORES TUR\u00cdSTICOS<\/p>\n\n\n\n<p>ASOCIACION COMERCIO\nASTILLERO GUARNIZO<\/p>\n\n\n\n<p>ASOCIACION DE LA\nPEQUE\u00d1A Y MEDIANA EMPRESA DE COLINDRES-APYMECO<\/p>\n\n\n\n<p>ASOCIACION DE\nCOMERCIANTES DE NUEVA CIUDAD<\/p>\n\n\n\n<p>ASOCIACION DE\nCOMERCIANTES Y EMPRESARIOS DE TORRELAVEGA -COMVEGA-<\/p>\n\n\n\n<p>ASOCIACION DE JARDINEROS\nDE CANTABRIA-AJAC<\/p>\n\n\n\n<p>ASOCIACION CANTABRA DE\nEMPRESARIOS FLORISTAS-ACEF<\/p>\n\n\n\n<p>CENTRO COMERCIAL\nALTAMIRA DE TORRELAVEGA<\/p>\n\n\n\n<p>JOYER\u00cdAS PONCHO COMPRA-VENTA <\/p>\n\n\n\n<p>INVEN ROB\u00d3TICA E IMPRESI\u00d3N EN 3D <\/p>\n\n\n\n<p>TALLERES CORRAL<\/p>\n\n\n\n<p><\/p>\n","protected":false},"excerpt":{"rendered":"<p>La Federaci\u00f3n del Comercio de Cantabria-COERCAN, patronal del comercio minorista de la regi\u00f3n, y diferentes Asociaciones de Comerciantes integradas en la misma, han decidido poner su granito de arena en la lucha contra el Coronavirus mediante la adquisici\u00f3n de once impresoras 3D que est\u00e1n sirviendo para la elaboraci\u00f3n de pantallas de protecci\u00f3n ocular para todo [&hellip;]<\/p>\n","protected":false},"author":2,"featured_media":864,"comment_status":"closed","ping_status":"closed","sticky":false,"template":"","format":"standard","meta":{"_acf_changed":false,"_monsterinsights_skip_tracking":false,"_monsterinsights_sitenote_active":false,"_monsterinsights_sitenote_note":"","_monsterinsights_sitenote_category":0,"footnotes":""},"categories":[2],"tags":[13,4],"class_list":["post-863","post","type-post","status-publish","format-standard","has-post-thumbnail","hentry","category-noticias","tag-covid19","tag-noticias"],"acf":[],"_links":{"self":[{"href":"https:\/\/coercan.net\/index.php?rest_route=\/wp\/v2\/posts\/863","targetHints":{"allow":["GET"]}}],"collection":[{"href":"https:\/\/coercan.net\/index.php?rest_route=\/wp\/v2\/posts"}],"about":[{"href":"https:\/\/coercan.net\/index.php?rest_route=\/wp\/v2\/types\/post"}],"author":[{"embeddable":true,"href":"https:\/\/coercan.net\/index.php?rest_route=\/wp\/v2\/users\/2"}],"replies":[{"embeddable":true,"href":"https:\/\/coercan.net\/index.php?rest_route=%2Fwp%2Fv2%2Fcomments&post=863"}],"version-history":[{"count":4,"href":"https:\/\/coercan.net\/index.php?rest_route=\/wp\/v2\/posts\/863\/revisions"}],"predecessor-version":[{"id":875,"href":"https:\/\/coercan.net\/index.php?rest_route=\/wp\/v2\/posts\/863\/revisions\/875"}],"wp:featuredmedia":[{"embeddable":true,"href":"https:\/\/coercan.net\/index.php?rest_route=\/wp\/v2\/media\/864"}],"wp:attachment":[{"href":"https:\/\/coercan.net\/index.php?rest_route=%2Fwp%2Fv2%2Fmedia&parent=863"}],"wp:term":[{"taxonomy":"category","embeddable":true,"href":"https:\/\/coercan.net\/index.php?rest_route=%2Fwp%2Fv2%2Fcategories&post=863"},{"taxonomy":"post_tag","embeddable":true,"href":"https:\/\/coercan.net\/index.php?rest_route=%2Fwp%2Fv2%2Ftags&post=863"}],"curies":[{"name":"wp","href":"https:\/\/api.w.org\/{rel}","templated":true}]}}