{"id":891,"date":"2020-04-28T11:09:19","date_gmt":"2020-04-28T09:09:19","guid":{"rendered":"http:\/\/coercan.net\/?p=891"},"modified":"2022-11-16T13:41:12","modified_gmt":"2022-11-16T12:41:12","slug":"ayudas-del-ayuntamiento-de-santander-para-paliar-los-efectos-de-la-crisis-del-covid-19","status":"publish","type":"post","link":"https:\/\/coercan.net\/?p=891","title":{"rendered":"Ayudas del Ayuntamiento de Santander para paliar los efectos de la crisis del Covid-19"},"content":{"rendered":"\n<h3 class=\"wp-block-heading\"><strong>Beneficiarios: <\/strong><\/h3>\n\n\n\n<p><strong><em>Programa I:<\/em><\/strong> Personas f\u00edsicas y jur\u00eddicas que hayan iniciado una nueva actividad empresarial, comercial o profesional en el municipio de Santander entre el 2 de agosto de 2019 y la fecha de presentaci\u00f3n de la solicitud. <\/p>\n\n\n\n<p><strong><em>Programa II:<\/em> <\/strong>Personas f\u00edsicas y jur\u00eddicas que hayan iniciado una actividad empresarial, comercial o profesional en el municipio de Santander con anterioridad al 2 de agosto de 2019. <\/p>\n\n\n\n<p><strong><em>Programa III<\/em><\/strong><em>:<\/em>\u00a0 Personas\u00a0 f\u00edsicas\u00a0 y\u00a0 jur\u00eddicas\u00a0 que\u00a0 hayan\u00a0 iniciado\u00a0 una\u00a0 actividad\u00a0 empresarial,\u00a0 comercial o profesional en el municipio de Santander con anterioridad al 2 de agosto de 2019. <\/p>\n\n\n\n<h3 class=\"wp-block-heading\"><strong>Finalidad: <\/strong><\/h3>\n\n\n\n<p><strong><em>Programa I:<\/em><\/strong> Financiar los gastos de inversi\u00f3n\ny puesta en marcha de la empresa. <\/p>\n\n\n\n<p><strong><em>Programa II:<\/em><\/strong> Financiar los costes de alquiler\nde negocio. <\/p>\n\n\n\n<p><strong><em>Programa III:<\/em><\/strong> Financiar los costes de implantaci\u00f3n de soluciones de comercio electr\u00f3nico. <\/p>\n\n\n\n<h3 class=\"wp-block-heading\"><strong>Importe: <\/strong><\/h3>\n\n\n\n<p><strong><em>Programa I:<\/em><\/strong> Hasta 3.000 euros. <\/p>\n\n\n\n<p><strong><em>Programa II:<\/em><\/strong> 50% de los costes de alquiler,\ncon un m\u00e1ximo de 1.200 euros. <\/p>\n\n\n\n<p><strong><em>Programa III:<\/em><\/strong> 75% de los costes de las acciones subvencionables, con un m\u00e1ximo de 3.000 euros. <\/p>\n\n\n\n<h3 class=\"wp-block-heading\"><strong>Plazo de presentaci\u00f3n de solicitudes: <\/strong><\/h3>\n\n\n\n<p><strong><em>Programa I y III<\/em><\/strong>, 15 d\u00edas naturales contados\ndesde el d\u00eda siguiente al de la publicaci\u00f3n de este extracto en el Bolet\u00edn Oficial\nde Cantabria. <\/p>\n\n\n\n<p><strong><em>Programa II<\/em><\/strong> desde el d\u00eda siguiente al de la publicaci\u00f3n de la convocatoria en el Bolet\u00edn Oficial de Cantabria y hasta la finalizaci\u00f3n del cierre obligatorio dictado por el Gobierno de Espa\u00f1a mediante Real Decreto 463\/2020, de 14 de marzo, por el que se declara el estado de alarma o cualquiera de sus pr\u00f3rrogas o hasta el agotamiento de la financiaci\u00f3n en su caso.<\/p>\n\n\n\n<p><strong>M\u00e1s informaci\u00f3n:<\/strong> <a href=\"http:\/\/santander.es\/content\/ayudas-destinadas-paliar-efectos-crisis-del-covid-19-sobre-emprendedores-micropymes\">P\u00e1gina del Ayuntamiento de Santander<\/a><\/p>\n","protected":false},"excerpt":{"rendered":"<p>Beneficiarios: Programa I: Personas f\u00edsicas y jur\u00eddicas que hayan iniciado una nueva actividad empresarial, comercial o profesional en el municipio de Santander entre el 2 de agosto de 2019 y la fecha de presentaci\u00f3n de la solicitud. Programa II: Personas f\u00edsicas y jur\u00eddicas que hayan iniciado una actividad empresarial, comercial o profesional en el municipio [&hellip;]<\/p>\n","protected":false},"author":2,"featured_media":798,"comment_status":"closed","ping_status":"closed","sticky":false,"template":"","format":"standard","meta":{"_acf_changed":false,"_monsterinsights_skip_tracking":false,"_monsterinsights_sitenote_active":false,"_monsterinsights_sitenote_note":"","_monsterinsights_sitenote_category":0,"footnotes":""},"categories":[2],"tags":[6,13,4],"class_list":["post-891","post","type-post","status-publish","format-standard","has-post-thumbnail","hentry","category-noticias","tag-ayudas","tag-covid19","tag-noticias"],"acf":[],"_links":{"self":[{"href":"https:\/\/coercan.net\/index.php?rest_route=\/wp\/v2\/posts\/891","targetHints":{"allow":["GET"]}}],"collection":[{"href":"https:\/\/coercan.net\/index.php?rest_route=\/wp\/v2\/posts"}],"about":[{"href":"https:\/\/coercan.net\/index.php?rest_route=\/wp\/v2\/types\/post"}],"author":[{"embeddable":true,"href":"https:\/\/coercan.net\/index.php?rest_route=\/wp\/v2\/users\/2"}],"replies":[{"embeddable":true,"href":"https:\/\/coercan.net\/index.php?rest_route=%2Fwp%2Fv2%2Fcomments&post=891"}],"version-history":[{"count":1,"href":"https:\/\/coercan.net\/index.php?rest_route=\/wp\/v2\/posts\/891\/revisions"}],"predecessor-version":[{"id":892,"href":"https:\/\/coercan.net\/index.php?rest_route=\/wp\/v2\/posts\/891\/revisions\/892"}],"wp:featuredmedia":[{"embeddable":true,"href":"https:\/\/coercan.net\/index.php?rest_route=\/wp\/v2\/media\/798"}],"wp:attachment":[{"href":"https:\/\/coercan.net\/index.php?rest_route=%2Fwp%2Fv2%2Fmedia&parent=891"}],"wp:term":[{"taxonomy":"category","embeddable":true,"href":"https:\/\/coercan.net\/index.php?rest_route=%2Fwp%2Fv2%2Fcategories&post=891"},{"taxonomy":"post_tag","embeddable":true,"href":"https:\/\/coercan.net\/index.php?rest_route=%2Fwp%2Fv2%2Ftags&post=891"}],"curies":[{"name":"wp","href":"https:\/\/api.w.org\/{rel}","templated":true}]}}