{"id":922,"date":"2020-10-08T12:49:58","date_gmt":"2020-10-08T10:49:58","guid":{"rendered":"http:\/\/coercan.net\/?p=922"},"modified":"2022-11-16T13:41:12","modified_gmt":"2022-11-16T12:41:12","slug":"ayudas-del-ayuntamiento-de-santander-para-la-reactivacion-de-la-economia-santander-a-punto","status":"publish","type":"post","link":"https:\/\/coercan.net\/?p=922","title":{"rendered":"Ayudas del Ayuntamiento de Santander para la reactivaci\u00f3n de la econom\u00eda \u00abSantander a Punto\u00bb"},"content":{"rendered":"\n<div class=\"wp-block-image\"><figure class=\"aligncenter size-large is-resized\"><img fetchpriority=\"high\" decoding=\"async\" src=\"https:\/\/coercan.net\/wp-content\/uploads\/2020\/10\/ayudas12345web.jpg\" alt=\"\" class=\"wp-image-923\" width=\"520\" height=\"320\"\/><\/figure><\/div>\n\n\n\n<h2 class=\"wp-block-heading\">PROGRAMA 1: AYUDAS PARA LA TRANSFORMACI\u00d3N DIGITAL DE LAS EMPRESAS<\/h2>\n\n\n\n<p><strong>BENEFICIARIOS<\/strong>: Cualquier empresa o aut\u00f3nomo con sede en Santander<\/p>\n\n\n\n<p><strong>PLAZO DE PRESENTACI\u00d3N:<\/strong> Del 9 de octubre al 10 de noviembre (ambos incluidos)<\/p>\n\n\n\n<p><strong>ACCIONES SUBVENCIONABLES:<\/strong> Todas las recogidas en la Orden: equipamiento inform\u00e1tico (ordenadores y perif\u00e9ricos), software de gesti\u00f3n, p\u00e1ginas web, planes de transformaci\u00f3n digital, equipos relacionados con la comunicaci\u00f3n en el punto de venta (t\u00f3tems informativos, pantallas LED digitalizadas&#8230;)<\/p>\n\n\n\n<p><strong>PORCENTAJE DE LA AYUDA:<\/strong> El 75% de la inversi\u00f3n realizada. Las facturas subvencionables deber\u00e1n estar comprendidas entre el 14 de marzo y el 31 de diciembre de 2020. Se podr\u00e1n aportar presupuestos siempre que vayan firmados y fechados. <\/p>\n\n\n\n<p>No hay establecida una inversi\u00f3n m\u00ednima.<\/p>\n\n\n\n<p>No caben los p\u00e1gos en met\u00e1lico, deber\u00e1n realizarse por transferencia. La fecha m\u00e1xima de justificaci\u00f3n y pago es el 26 de febrero de 2021.<\/p>\n\n\n\n<p><strong>REQUISITO PREVIO PARA SOLICITAR LA AYUDA:<\/strong> La realizaci\u00f3n de un diagn\u00f3stico de situaci\u00f3n con un plan de transformaci\u00f3n digital simplificado y personalizado realizado por un consultor acreditado. El diagn\u00f3stico se subvencionar\u00e1 al 100%. Solo ser\u00e1n subvencionables las actuaciones recogidas en este diagn\u00f3stico.<\/p>\n\n\n\n<p>Los solicitantes deber\u00e1n estar al corriente de pagos en sus obligaciones con Hacienda y Seguridad Social.<\/p>\n\n\n\n<p><strong>CUANT\u00cdA DE LAS AYUDAS:<\/strong> El l\u00edmite m\u00e1ximo de la ayuda ser\u00e1 el siguiente:<\/p>\n\n\n\n<ul class=\"wp-block-list\"><li>Sin trabajadores: 3.000\u20ac<\/li><li>De 1 a 3 trabajadores: 4.500\u20ac<\/li><li>De 4 a 10 trabajadores: 6.000\u20ac<\/li><li>M\u00e1s de 10 trabajadores: 7.500\u20ac<\/li><\/ul>\n\n\n\n<p>Dada la situaci\u00f3n de excepcionalidad, desde el Ayuntamiento se podr\u00e1n hacer pagos anticipados a los solicitantes previos a la justificaci\u00f3n.<\/p>\n\n\n\n<h2 class=\"wp-block-heading\">PROGRAMA 2: AYUDAS DE ADAPTACI\u00d3N DEL COMERCIO Y HOSTELER\u00cdA A LA SITUACI\u00d3N GENERADA POR EL COVID-19<\/h2>\n\n\n\n<p><strong>ACCIONES SUBVENCIONABLES:<\/strong> Adquisici\u00f3n de material de desinfecci\u00f3n para las instalaciones as\u00ed como medidas de seguridad e higiene, obras de reforma del local, adquisici\u00f3n de equipamiento consistente en equipos de climatizaci\u00f3n\/renovaci\u00f3n de aire del local, equipos de seguridad y mobiliario relacionado.<\/p>\n\n\n\n<p><strong>BENEFICIARIOS:<\/strong> Empresas y aut\u00f3nomos con sede en Santander cuyo ep\u00edgrafe del IAE se encuentre entre los indicados en la Orden de convocatoria de las ayudas.<\/p>\n\n\n\n<p><strong>PORCENTAJE DE LAS AYUDAS:<\/strong> Hasta el 75% de los gastos subvencionables.<\/p>\n\n\n\n<h2 class=\"wp-block-heading\">PROGRAMA 5: AYUDAS PARA EL MANTENIMIENTO DE LA ACTIVIDAD EN LA FASE DE CESE DE ACTIVIDAD<\/h2>\n\n\n\n<p><strong>BENEFICIARIOS:<\/strong> Personas f\u00edsicas y jur\u00eddicas que desarrollen una actividad suspendida por el Real Decreto 463\/2020 y sus modificaciones posteriores o que se hayan sufrido un descenso del 75% de la facturaci\u00f3n, y que se desarrollen su actividad en un inmueble en r\u00e9gimen de alquiler dentro del t\u00e9rmino municipal de Santander.<\/p>\n\n\n\n<p><strong>ACCIONES SUBVENCIONADAS Y CUANT\u00cdA:<\/strong> Costes de alquiler del negocio (IVA y gastos de comunidad no incluidos) hasta un 50% de dicho coste y siempre que la cuant\u00eda no supere el importe de 1.200\u20ac por cada contrato de alquiler\/local.<\/p>\n\n\n\n<h2 class=\"wp-block-heading\">M\u00c1S INFORMACI\u00d3N:<\/h2>\n\n\n\n<p>P\u00e1gina de ayuda del Ayuntamiento de Santander sobre las ayudas &#8211; <a href=\"https:\/\/santanderapunto.es\/ayudas-reactivacion\/\">enlace<\/a><\/p>\n\n\n\n<p>Orden de convocatoria de las ayudas &#8211; <a href=\"https:\/\/santanderapunto.es\/wp-content\/uploads\/2020\/10\/convocatoria-extraordinarias-para-reactivar.pdf\">enlace<\/a><\/p>\n\n\n\n<p>Extracto de convocatoria de las ayudas &#8211; <a href=\"https:\/\/boc.cantabria.es\/boces\/verAnuncioAction.do?idAnuBlob=354192\">enlace<\/a><\/p>\n","protected":false},"excerpt":{"rendered":"<p>PROGRAMA 1: AYUDAS PARA LA TRANSFORMACI\u00d3N DIGITAL DE LAS EMPRESAS BENEFICIARIOS: Cualquier empresa o aut\u00f3nomo con sede en Santander PLAZO DE PRESENTACI\u00d3N: Del 9 de octubre al 10 de noviembre (ambos incluidos) ACCIONES SUBVENCIONABLES: Todas las recogidas en la Orden: equipamiento inform\u00e1tico (ordenadores y perif\u00e9ricos), software de gesti\u00f3n, p\u00e1ginas web, planes de transformaci\u00f3n digital, equipos [&hellip;]<\/p>\n","protected":false},"author":2,"featured_media":923,"comment_status":"closed","ping_status":"closed","sticky":false,"template":"","format":"standard","meta":{"_acf_changed":false,"_monsterinsights_skip_tracking":false,"_monsterinsights_sitenote_active":false,"_monsterinsights_sitenote_note":"","_monsterinsights_sitenote_category":0,"footnotes":""},"categories":[2],"tags":[6],"class_list":["post-922","post","type-post","status-publish","format-standard","has-post-thumbnail","hentry","category-noticias","tag-ayudas"],"acf":[],"_links":{"self":[{"href":"https:\/\/coercan.net\/index.php?rest_route=\/wp\/v2\/posts\/922","targetHints":{"allow":["GET"]}}],"collection":[{"href":"https:\/\/coercan.net\/index.php?rest_route=\/wp\/v2\/posts"}],"about":[{"href":"https:\/\/coercan.net\/index.php?rest_route=\/wp\/v2\/types\/post"}],"author":[{"embeddable":true,"href":"https:\/\/coercan.net\/index.php?rest_route=\/wp\/v2\/users\/2"}],"replies":[{"embeddable":true,"href":"https:\/\/coercan.net\/index.php?rest_route=%2Fwp%2Fv2%2Fcomments&post=922"}],"version-history":[{"count":1,"href":"https:\/\/coercan.net\/index.php?rest_route=\/wp\/v2\/posts\/922\/revisions"}],"predecessor-version":[{"id":924,"href":"https:\/\/coercan.net\/index.php?rest_route=\/wp\/v2\/posts\/922\/revisions\/924"}],"wp:featuredmedia":[{"embeddable":true,"href":"https:\/\/coercan.net\/index.php?rest_route=\/wp\/v2\/media\/923"}],"wp:attachment":[{"href":"https:\/\/coercan.net\/index.php?rest_route=%2Fwp%2Fv2%2Fmedia&parent=922"}],"wp:term":[{"taxonomy":"category","embeddable":true,"href":"https:\/\/coercan.net\/index.php?rest_route=%2Fwp%2Fv2%2Fcategories&post=922"},{"taxonomy":"post_tag","embeddable":true,"href":"https:\/\/coercan.net\/index.php?rest_route=%2Fwp%2Fv2%2Ftags&post=922"}],"curies":[{"name":"wp","href":"https:\/\/api.w.org\/{rel}","templated":true}]}}