{"id":949,"date":"2020-11-26T11:16:32","date_gmt":"2020-11-26T10:16:32","guid":{"rendered":"http:\/\/coercan.net\/?p=949"},"modified":"2022-11-16T13:41:12","modified_gmt":"2022-11-16T12:41:12","slug":"reclamacion-covid-19","status":"publish","type":"post","link":"https:\/\/coercan.net\/?p=949","title":{"rendered":"Reclamaci\u00f3n COVID-19"},"content":{"rendered":"\n<figure class=\"wp-block-image size-large\"><img fetchpriority=\"high\" decoding=\"async\" width=\"1024\" height=\"476\" src=\"https:\/\/coercan.net\/wp-content\/uploads\/2020\/11\/imagen-reclamacion_sm-1024x476.jpg\" alt=\"\" class=\"wp-image-957\" srcset=\"https:\/\/coercan.net\/wp-content\/uploads\/2020\/11\/imagen-reclamacion_sm-1024x476.jpg 1024w, https:\/\/coercan.net\/wp-content\/uploads\/2020\/11\/imagen-reclamacion_sm-600x279.jpg 600w, https:\/\/coercan.net\/wp-content\/uploads\/2020\/11\/imagen-reclamacion_sm-768x357.jpg 768w\" sizes=\"(max-width: 1024px) 100vw, 1024px\" \/><\/figure>\n\n\n\n<h2 class=\"has-white-color has-vivid-red-background-color has-text-color has-background wp-block-heading\">Contenido de la reclamaci\u00f3n<\/h2>\n\n\n\n<div style=\"height:20px\" aria-hidden=\"true\" class=\"wp-block-spacer\"><\/div>\n\n\n\n<p>Se va a reclamar el \u201clucro cesante\u201d, o lo que la empresa ha dejado de ganar como consecuencia de haberse visto obligado a cerrar los negocios <strong>desde el 14 de marzo hasta el 18 de junio<\/strong>.<\/p>\n\n\n\n<p>Es una reclamaci\u00f3n que se dirige frente al Estado y solo respecto a ese periodo.<\/p>\n\n\n\n<div style=\"height:100px\" aria-hidden=\"true\" class=\"wp-block-spacer\"><\/div>\n\n\n\n<h2 class=\"has-white-color has-vivid-red-background-color has-text-color has-background wp-block-heading\">Coste de la reclamaci\u00f3n<\/h2>\n\n\n\n<div style=\"height:20px\" aria-hidden=\"true\" class=\"wp-block-spacer\"><\/div>\n\n\n\n<p>Las empresas asociadas deber\u00e1n hacer un ingreso por todo el procedimiento, de 387 euros IVA incluido,&nbsp;m\u00e1s otro ingreso de 48,40 euros&nbsp;IVA incluido como Gastos de Procurador.<\/p>\n\n\n\n<p>Ambas aportaciones son cerradas para el asociado y pueden recuperarse.&nbsp; Cualquier otro pago no cargar\u00eda sobre el asociado.<\/p>\n\n\n\n<p>El pago de ambos conceptos puede hacerse junto o separado en la cuenta de Liberbank ES472048 2009 7934 0002 3241 poniendo como referencia: \u201creclamaci\u00f3n COVID, y nombre de la empresa\u201d.<\/p>\n\n\n\n<div style=\"height:100px\" aria-hidden=\"true\" class=\"wp-block-spacer\"><\/div>\n\n\n\n<h2 class=\"has-white-color has-vivid-red-background-color has-text-color has-background wp-block-heading\">Documentaci\u00f3n a aportar<\/h2>\n\n\n\n<div style=\"height:20px\" aria-hidden=\"true\" class=\"wp-block-spacer\"><\/div>\n\n\n\n<p>Distinguimos si la empresa es persona f\u00edsica o Sociedad y tambi\u00e9n si la empresa est\u00e1 en r\u00e9gimen de estimaci\u00f3n directa \u2013simplificada o normal-, o si lo est\u00e1 en r\u00e9gimen de m\u00f3dulos.<\/p>\n\n\n\n<div class=\"wp-block-columns is-layout-flex wp-container-core-columns-is-layout-9d6595d7 wp-block-columns-is-layout-flex\">\n<div class=\"wp-block-column is-layout-flow wp-block-column-is-layout-flow\">\n<h3 class=\"wp-block-heading\">Si es persona f\u00edsica<\/h3>\n\n\n\n<ul class=\"wp-block-list\"><li>P\u00f3liza de seguro de responsabilidad civil y, en su caso, de defensa jur\u00eddica y recibo justificativo de su abono, al 14 de marzo de 2020.<\/li><li>Copia del DNI, NIF o NIE.<\/li><li>Tel\u00e9fono de contacto.<\/li><li>Copia del Alta en el IAE.<\/li><li>Escritura de propiedad\/contrato de arrendamiento, del local en el que se ejerce la actividad.<\/li><li>En su caso, resoluci\u00f3n estimatoria del ERTE por Covid 19.<\/li><li>Modelos 303, (declaraci\u00f3n trimestral de IVA), correspondientes al 1\u00ba y 2\u00ba trimestre de 2019, y al 1\u00ba y 2\u00ba trimestre de 2020.<\/li><li>Modelos 130(en Estimaci\u00f3n Directa Simplificada o Estimaci\u00f3n Directa Normal correspondientes al 1\u00ba y 2\u00ba trimestre de 2019y al 1\u00ba y 2\u00ba trimestre de 2020.<\/li><li>Modelos 131 (s\u00f3lo en caso de Estimaci\u00f3n Objetiva (M\u00f3dulos), correspondientes al 1\u00ba y 2\u00ba trimestre de 2019 y al 1\u00ba y 2\u00ba trimestre de 2020.<\/li><li>Balances de sumas y saldos, del 14 de marzo al 18 de junio de 2019 y del 14 de marzo al 18 de junio de 2020.<\/li><li>Cuentas de p\u00e9rdidas y ganancias, del 14 de marzo al 18 de junio de 2019, y del 14 de marzo al 18 de junio de 2020.<\/li><li>Certificaci\u00f3n del asesor fiscal en la que se indique: \u201cque la documentaci\u00f3n adjunta, compuesta por balances de sumas y saldos, cuenta de resultados y declaraciones fiscales se corresponden fielmente con los libros de la persona f\u00edsica\u201d.<\/li><\/ul>\n<\/div>\n\n\n\n<div class=\"wp-block-column is-layout-flow wp-block-column-is-layout-flow\">\n<h3 class=\"wp-block-heading\">Si es una sociedad<\/h3>\n\n\n\n<ul class=\"wp-block-list\"><li>P\u00f3liza de seguro de responsabilidad civil y, en su caso, de defensa jur\u00eddica y recibo justificativo de su abono, al 14 de marzo de 2020.<\/li><li>Escritura de Constituci\u00f3n.<\/li><li>Copia del DNI, NIF o NIE del administrador\/es.<\/li><li>Tel\u00e9fono de contacto.<\/li><li>Escritura justificativa de su nombramiento. Salvo que figure as\u00ed en la escritura de constituci\u00f3n.<\/li><li>Copia del Alta en el IAE.<\/li><li>Escritura de propiedad\/contrato de arrendamiento, del local en el que se ejerce la actividad.<\/li><li>En su caso, resoluci\u00f3n estimatoria del ERTE por Covid 19.<\/li><li>Modelos 303, (declaraci\u00f3n trimestral de IVA), correspondientes al 1\u00ba y 2\u00ba trimestre de 2019, y al 1\u00ba y 2\u00ba trimestre de 2020.<\/li><li>Modelos 200 correspondiente al a\u00f1o 2019.<\/li><li>Balances de sumas y saldos, del 14 de marzo al 18 de junio de 2019 y del 14 de marzo al 18 de junio de 2020.<\/li><li>Cuentas de p\u00e9rdidas y ganancias, del 14 de marzo al 18 de junio de 2019, y del 14 de marzo al 18 de junio de 2020.<\/li><li>Certificaci\u00f3n del asesor fiscal en la que se indique: \u201cque la documentaci\u00f3n adjunta, compuesta por balances de sumas y saldos, cuenta de resultados y declaraciones fiscales se corresponden fielmente con los libros de la sociedad\u201d.<\/li><\/ul>\n<\/div>\n<\/div>\n\n\n\n<div style=\"height:100px\" aria-hidden=\"true\" class=\"wp-block-spacer\"><\/div>\n\n\n\n<h2 class=\"has-white-color has-vivid-red-background-color has-text-color has-background wp-block-heading\">Plazo de presentaci\u00f3n<\/h2>\n\n\n\n<div style=\"height:20px\" aria-hidden=\"true\" class=\"wp-block-spacer\"><\/div>\n\n\n\n<p>A la vista del gran n\u00famero de asociados interesados en interponer la reclamaci\u00f3n por lucro cesante derivada de la aplicaci\u00f3n del decreto que regula el estado de alarma, se ha decidido ampliar el plazo de admisi\u00f3n de solicitudes de reclamaci\u00f3n hasta el pr\u00f3ximo <strong>30 de junio de 2021<\/strong>.<\/p>\n\n\n\n<div style=\"height:100px\" aria-hidden=\"true\" class=\"wp-block-spacer\"><\/div>\n\n\n\n<h2 class=\"has-white-color has-vivid-red-background-color has-text-color has-background wp-block-heading\">Lugar de presentaci\u00f3n<\/h2>\n\n\n\n<div style=\"height:20px\" aria-hidden=\"true\" class=\"wp-block-spacer\"><\/div>\n\n\n\n<p>En la sede de la Federaci\u00f3n del Comercio de Cantabria &#8211; COERCAN (C\/ Vargas 47, esc. Dcha. 3\u00ba puerta 6, 39010 Santander), o por correo electr\u00f3nico a la direcci\u00f3n <strong><a href=\"mailto:reclamacioncovid@coercan.net\">reclamacioncovid@coercan.net<\/a><\/strong>.<\/p>\n\n\n\n<p>Para resolver cualquier duda podr\u00e1s ponerte en contacto con <strong>\u00c1ngela<\/strong> en el tel\u00e9fono <strong>641 765 669<\/strong> en horario de 16.30 a 20:00 horas.<\/p>\n\n\n\n<div style=\"height:100px\" aria-hidden=\"true\" class=\"wp-block-spacer\"><\/div>\n\n\n\n<h2 class=\"has-white-color has-vivid-red-background-color has-text-color has-background wp-block-heading\">Preguntas frecuentes<\/h2>\n\n\n\n<div style=\"height:20px\" aria-hidden=\"true\" class=\"wp-block-spacer\"><\/div>\n\n\n\n<h4 class=\"wp-block-heading\">\u00bfEn qu\u00e9 consiste la presente reclamaci\u00f3n del lucro cesante?<\/h4>\n\n\n\n<p>En el proceso administrativo y judicial destinado a obtener una indemnizaci\u00f3n a consecuencia de los da\u00f1os resultantes del cierre de las empresas desde el 14 de marzo al 18 de junio. Dicho de otra forma. El mayor sacrificio obligado a nuestras empresas impone una compensaci\u00f3n respecto a otras empresas o personas que no han sacrificado ni un euro.<\/p>\n\n\n\n<h4 class=\"wp-block-heading\">\u00bfC\u00f3mo se fija el importe de la reclamaci\u00f3n?<\/h4>\n\n\n\n<p>Mediante la diferencia de ingresos y gastos del periodo de 14\/03\/2020 a 18\/06\/2020, comparados con los correspondientes al mismo periodo del a\u00f1o anterior.<\/p>\n\n\n\n<h4 class=\"wp-block-heading\">\u00bfQu\u00e9 tiempo he de esperar para su resoluci\u00f3n?<\/h4>\n\n\n\n<p>El plazo m\u00e1ximo para resolver es de 6 meses. Si en ese plazo la respuesta es negativa, se accede a la v\u00eda judicial en cuyo caso, depender\u00edamos del ritmo de trabajo que tenga el Tribunal.<\/p>\n\n\n\n<h4 class=\"wp-block-heading\">\u00bfLleva su desestimaci\u00f3n alg\u00fan tipo de coste a\u00f1adido?<\/h4>\n\n\n\n<p>No, los honorarios fijados en la hoja de encargo corresponden a la \u00fanica cantidad que va a tener que desembolsar el asociado, sin que, por otro lado, la v\u00eda prejudicial lleve aparejada condena en costas de ning\u00fan tipo.<\/p>\n\n\n\n<h4 class=\"wp-block-heading\">\u00bfNecesito poder notarial para su presentaci\u00f3n?<\/h4>\n\n\n\n<p>No, los poderes ser\u00e1n otorgados telem\u00e1ticamente a trav\u00e9s de la Sede Judicial Electr\u00f3nica por la Procuradora designada en la hoja de encargo y conforme al modelo suscrito por el interesado.<\/p>\n\n\n\n<h4 class=\"wp-block-heading\">\u00bfCu\u00e1l es el coste de ese poder?<\/h4>\n\n\n\n<p>Se encuentra incluido en el de los honorarios de la Procuradora fijados en la hoja de encargo.<\/p>\n\n\n\n<h4 class=\"wp-block-heading\">\u00bfPuedo ser condenado al pago de las costas procesales si mi demanda es desestimada?<\/h4>\n\n\n\n<p>La estrategia de la demanda hace inviable tal supuesto. Tambi\u00e9n se cuenta con el seguro de defensa jur\u00eddica para cubrir costes y riesgos, -por eso se pide-, lo que hace que la empresa no tenga m\u00e1s gastos que los expuestos.<\/p>\n\n\n\n<h4 class=\"wp-block-heading\">\u00bfPuedo esperar al resultado de las primeras reclamaciones para, conocido el resultado, instar la m\u00eda?<\/h4>\n\n\n\n<p>No. La falta de reclamaci\u00f3n, en el plazo establecido legalmente, impide la incorporaci\u00f3n posterior al proceso, de aquellos titulares de negocios que no hubieran reclamado inicialmente.<\/p>\n\n\n\n<div style=\"height:20px\" aria-hidden=\"true\" class=\"wp-block-spacer\"><\/div>\n","protected":false},"excerpt":{"rendered":"<p>Contenido de la reclamaci\u00f3n Se va a reclamar el \u201clucro cesante\u201d, o lo que la empresa ha dejado de ganar como consecuencia de haberse visto obligado a cerrar los negocios desde el 14 de marzo hasta el 18 de junio. Es una reclamaci\u00f3n que se dirige frente al Estado y solo respecto a ese periodo. [&hellip;]<\/p>\n","protected":false},"author":2,"featured_media":0,"comment_status":"closed","ping_status":"closed","sticky":false,"template":"single-FullWidth.php","format":"standard","meta":{"_acf_changed":false,"_monsterinsights_skip_tracking":false,"_monsterinsights_sitenote_active":false,"_monsterinsights_sitenote_note":"","_monsterinsights_sitenote_category":0,"footnotes":""},"categories":[14],"tags":[13],"class_list":["post-949","post","type-post","status-publish","format-standard","hentry","category-covid-19","tag-covid19"],"acf":[],"_links":{"self":[{"href":"https:\/\/coercan.net\/index.php?rest_route=\/wp\/v2\/posts\/949","targetHints":{"allow":["GET"]}}],"collection":[{"href":"https:\/\/coercan.net\/index.php?rest_route=\/wp\/v2\/posts"}],"about":[{"href":"https:\/\/coercan.net\/index.php?rest_route=\/wp\/v2\/types\/post"}],"author":[{"embeddable":true,"href":"https:\/\/coercan.net\/index.php?rest_route=\/wp\/v2\/users\/2"}],"replies":[{"embeddable":true,"href":"https:\/\/coercan.net\/index.php?rest_route=%2Fwp%2Fv2%2Fcomments&post=949"}],"version-history":[{"count":17,"href":"https:\/\/coercan.net\/index.php?rest_route=\/wp\/v2\/posts\/949\/revisions"}],"predecessor-version":[{"id":1040,"href":"https:\/\/coercan.net\/index.php?rest_route=\/wp\/v2\/posts\/949\/revisions\/1040"}],"wp:attachment":[{"href":"https:\/\/coercan.net\/index.php?rest_route=%2Fwp%2Fv2%2Fmedia&parent=949"}],"wp:term":[{"taxonomy":"category","embeddable":true,"href":"https:\/\/coercan.net\/index.php?rest_route=%2Fwp%2Fv2%2Fcategories&post=949"},{"taxonomy":"post_tag","embeddable":true,"href":"https:\/\/coercan.net\/index.php?rest_route=%2Fwp%2Fv2%2Ftags&post=949"}],"curies":[{"name":"wp","href":"https:\/\/api.w.org\/{rel}","templated":true}]}}